{"id":300001,"date":"2023-06-07T16:02:20","date_gmt":"2023-06-07T13:02:20","guid":{"rendered":"http:\/\/sana.sy\/es\/?p=300001"},"modified":"2023-06-07T16:02:20","modified_gmt":"2023-06-07T13:02:20","slug":"un-agente-de-la-inteligencia-militar-ucraniana-detenido-por-las-fuerzas-rusas-de-seguridad","status":"publish","type":"post","link":"https:\/\/archive.sana.sy\/es\/?p=300001","title":{"rendered":"Un agente de la inteligencia militar ucraniana detenido por las fuerzas rusas de seguridad"},"content":{"rendered":"<p style=\"text-align: justify;\"><span style=\"color: #800000;\"><strong>Mosc\u00fa, 07 jun (SANA <\/strong><\/span>El Servicio Federal de Seguridad de Rusia anunci\u00f3 el arresto de un residente de la regi\u00f3n de Primorye por espiar a favor de la inteligencia militar ucraniana.<\/p>\n<p style=\"text-align: justify;\">\u201cSe comprob\u00f3 que el esp\u00eda recopilaba y enviaba informaci\u00f3n sobre la infraestructura militar en la regi\u00f3n en cumplimiento a instrucciones de la inteligencia militar ucraniana\u201d in form\u00f3 el Servicio citado por Sputnik.<\/p>\n<p style=\"text-align: justify;\">El comunicado indic\u00f3 que el Departamento de Investigaci\u00f3n del Servicio Federal de Seguridad de Rusia abri\u00f3 un expediente penal contra el sospechoso, por cargos de alta traici\u00f3n.<\/p>\n<p style=\"text-align: justify;\">Anteriormente, las Fuerzas rusas frustraron un intento de llevar a cabo un ataque terrorista contra una sede del gobierno en la ciudad de Gelendzhik, territorio de Krasnodar, y arrestaron a la persona involucrada.<\/p>\n<p style=\"text-align: justify;\">as\/fm<\/p>\n","protected":false},"excerpt":{"rendered":"<p>Mosc\u00fa, 07 jun (SANA El Servicio Federal de Seguridad de Rusia anunci\u00f3 el arresto de un residente de la regi\u00f3n de Primorye por espiar a favor de la inteligencia militar ucraniana. \u201cSe comprob\u00f3 que el esp\u00eda recopilaba y enviaba informaci\u00f3n sobre la infraestructura militar en la regi\u00f3n en cumplimiento a instrucciones de la inteligencia militar &hellip;<\/p>\n","protected":false},"author":42,"featured_media":300002,"comment_status":"closed","ping_status":"closed","sticky":false,"template":"","format":"standard","meta":{"footnotes":""},"categories":[597,456,16687,20724,7541],"tags":[],"class_list":["post-300001","post","type-post","status-publish","format-standard","has-post-thumbnail","","category-cinta-de-noticias","category-arabe-internacional-politica","category-internacionales","category-minuto-a-minuto","category-ultimas-noticias"],"_links":{"self":[{"href":"https:\/\/archive.sana.sy\/es\/index.php?rest_route=\/wp\/v2\/posts\/300001"}],"collection":[{"href":"https:\/\/archive.sana.sy\/es\/index.php?rest_route=\/wp\/v2\/posts"}],"about":[{"href":"https:\/\/archive.sana.sy\/es\/index.php?rest_route=\/wp\/v2\/types\/post"}],"author":[{"embeddable":true,"href":"https:\/\/archive.sana.sy\/es\/index.php?rest_route=\/wp\/v2\/users\/42"}],"replies":[{"embeddable":true,"href":"https:\/\/archive.sana.sy\/es\/index.php?rest_route=%2Fwp%2Fv2%2Fcomments&post=300001"}],"version-history":[{"count":1,"href":"https:\/\/archive.sana.sy\/es\/index.php?rest_route=\/wp\/v2\/posts\/300001\/revisions"}],"predecessor-version":[{"id":300003,"href":"https:\/\/archive.sana.sy\/es\/index.php?rest_route=\/wp\/v2\/posts\/300001\/revisions\/300003"}],"wp:featuredmedia":[{"embeddable":true,"href":"https:\/\/archive.sana.sy\/es\/index.php?rest_route=\/wp\/v2\/media\/300002"}],"wp:attachment":[{"href":"https:\/\/archive.sana.sy\/es\/index.php?rest_route=%2Fwp%2Fv2%2Fmedia&parent=300001"}],"wp:term":[{"taxonomy":"category","embeddable":true,"href":"https:\/\/archive.sana.sy\/es\/index.php?rest_route=%2Fwp%2Fv2%2Fcategories&post=300001"},{"taxonomy":"post_tag","embeddable":true,"href":"https:\/\/archive.sana.sy\/es\/index.php?rest_route=%2Fwp%2Fv2%2Ftags&post=300001"}],"curies":[{"name":"wp","href":"https:\/\/api.w.org\/{rel}","templated":true}]}}