{"id":300004,"date":"2023-06-07T16:08:44","date_gmt":"2023-06-07T13:08:44","guid":{"rendered":"http:\/\/sana.sy\/es\/?p=300004"},"modified":"2023-06-07T16:08:44","modified_gmt":"2023-06-07T13:08:44","slug":"putin-la-economia-rusa-crecera-alrededor-del-2-por-ciento-en-2023","status":"publish","type":"post","link":"https:\/\/archive.sana.sy\/es\/?p=300004","title":{"rendered":"Putin: La econom\u00eda rusa crecer\u00e1 alrededor del 2 por ciento en 2023"},"content":{"rendered":"<p style=\"text-align: justify;\"><span style=\"color: #800000;\"><strong>Mosc\u00fa, 07 jun (SANA) <\/strong><\/span>El presidente ruso Vladimir Putin, confirm\u00f3 hoy que la econom\u00eda rusa crecer\u00e1 alrededor de un 2 por ciento este a\u00f1o, seg\u00fan evaluaciones de expertos.<\/p>\n<p style=\"text-align: justify;\">Durante el Foro Econ\u00f3mico Internacional en San Petersburgo, Putin subray\u00f3 la importancia de centrarse en lograr la soberan\u00eda tecnol\u00f3gica y financiera, y reducir la pobreza y desigualdad.<\/p>\n<p style=\"text-align: justify;\">Tambi\u00e9n expres\u00f3 su agradecimiento al sector empresarial ruso por sus esfuerzos para superar las consecuencias de las sanciones occidentales contra Rusia y destac\u00f3 su eficacia en la realidad econ\u00f3mica actual.<\/p>\n<p style=\"text-align: justify;\">as\/fm<\/p>\n","protected":false},"excerpt":{"rendered":"<p>Mosc\u00fa, 07 jun (SANA) El presidente ruso Vladimir Putin, confirm\u00f3 hoy que la econom\u00eda rusa crecer\u00e1 alrededor de un 2 por ciento este a\u00f1o, seg\u00fan evaluaciones de expertos. Durante el Foro Econ\u00f3mico Internacional en San Petersburgo, Putin subray\u00f3 la importancia de centrarse en lograr la soberan\u00eda tecnol\u00f3gica y financiera, y reducir la pobreza y desigualdad. &hellip;<\/p>\n","protected":false},"author":42,"featured_media":300005,"comment_status":"closed","ping_status":"closed","sticky":false,"template":"","format":"standard","meta":{"footnotes":""},"categories":[597,456,16687,7541],"tags":[],"class_list":["post-300004","post","type-post","status-publish","format-standard","has-post-thumbnail","","category-cinta-de-noticias","category-arabe-internacional-politica","category-internacionales","category-ultimas-noticias"],"_links":{"self":[{"href":"https:\/\/archive.sana.sy\/es\/index.php?rest_route=\/wp\/v2\/posts\/300004"}],"collection":[{"href":"https:\/\/archive.sana.sy\/es\/index.php?rest_route=\/wp\/v2\/posts"}],"about":[{"href":"https:\/\/archive.sana.sy\/es\/index.php?rest_route=\/wp\/v2\/types\/post"}],"author":[{"embeddable":true,"href":"https:\/\/archive.sana.sy\/es\/index.php?rest_route=\/wp\/v2\/users\/42"}],"replies":[{"embeddable":true,"href":"https:\/\/archive.sana.sy\/es\/index.php?rest_route=%2Fwp%2Fv2%2Fcomments&post=300004"}],"version-history":[{"count":1,"href":"https:\/\/archive.sana.sy\/es\/index.php?rest_route=\/wp\/v2\/posts\/300004\/revisions"}],"predecessor-version":[{"id":300006,"href":"https:\/\/archive.sana.sy\/es\/index.php?rest_route=\/wp\/v2\/posts\/300004\/revisions\/300006"}],"wp:featuredmedia":[{"embeddable":true,"href":"https:\/\/archive.sana.sy\/es\/index.php?rest_route=\/wp\/v2\/media\/300005"}],"wp:attachment":[{"href":"https:\/\/archive.sana.sy\/es\/index.php?rest_route=%2Fwp%2Fv2%2Fmedia&parent=300004"}],"wp:term":[{"taxonomy":"category","embeddable":true,"href":"https:\/\/archive.sana.sy\/es\/index.php?rest_route=%2Fwp%2Fv2%2Fcategories&post=300004"},{"taxonomy":"post_tag","embeddable":true,"href":"https:\/\/archive.sana.sy\/es\/index.php?rest_route=%2Fwp%2Fv2%2Ftags&post=300004"}],"curies":[{"name":"wp","href":"https:\/\/api.w.org\/{rel}","templated":true}]}}