{"id":300012,"date":"2023-06-07T17:45:55","date_gmt":"2023-06-07T14:45:55","guid":{"rendered":"http:\/\/sana.sy\/es\/?p=300012"},"modified":"2023-06-07T18:41:37","modified_gmt":"2023-06-07T15:41:37","slug":"conversaciones-sirio-cubanas-para-afianzar-cooperacion-bilateral-en-materia-de-salud-e-industria-farmaceutica","status":"publish","type":"post","link":"https:\/\/archive.sana.sy\/es\/?p=300012","title":{"rendered":"Conversaciones sirio-cubanas para afianzar cooperaci\u00f3n bilateral en materia de salud e industria farmac\u00e9utica"},"content":{"rendered":"<p style=\"text-align: justify\"><span style=\"color: #800000\"><strong>Damasco, 07 jun (SANA) <\/strong><\/span>El ministro de Salud, Hassan Muhammad Al-Ghabash, recibi\u00f3 hoy al embajador Extraordinario y Plenipotenciario de la Rep\u00fablica de Cuba, Luis Mariano Fern\u00e1ndez Rodr\u00edguez.<\/p>\n<p style=\"text-align: justify\">Las dos partes abordaron las v\u00edas de potenciar la cooperaci\u00f3n y coordinaci\u00f3n en materia de salud y atenci\u00f3n m\u00e9dica.<\/p>\n<p style=\"text-align: justify\">El ministro Al-Ghabash valor\u00f3 altamente la asistencia m\u00e9dica y humanitaria que brind\u00f3 Cuba al pueblo sirio durante la cat\u00e1strofe del terremoto que azot\u00f3 a Siria en febrero pasado.<\/p>\n<p style=\"text-align: justify\">Asimismo, reiter\u00f3 el inter\u00e9s de Siria en beneficiarse de la experiencia y el desarrollo de Cuba en los campos de la biotecnolog\u00eda y de industria farmac\u00e9utica, especialmente la producci\u00f3n de medicamentos gen\u00e9ricos.<\/p>\n<p style=\"text-align: justify\">A su vez, el embajador Fern\u00e1ndez manifest\u00f3 la disposici\u00f3n de su pa\u00eds para aportar sus conocimientos en materia de las investigaciones farmac\u00e9uticas y de enfermer\u00eda.<\/p>\n<p style=\"text-align: justify\">Manifest\u00f3 el deseo de Cuba de coordinar con la parte siria sobre el tema de elaboraci\u00f3n de cursos de capacitaci\u00f3n encaminados a elevar el nivel de los cuadros que trabajan en el \u00e1mbito de salud.<\/p>\n<p style=\"text-align: justify\">la\/fm<\/p>\n","protected":false},"excerpt":{"rendered":"<p>Damasco, 07 jun (SANA) El ministro de Salud, Hassan Muhammad Al-Ghabash, recibi\u00f3 hoy al embajador Extraordinario y Plenipotenciario de la Rep\u00fablica de Cuba, Luis Mariano Fern\u00e1ndez Rodr\u00edguez. Las dos partes abordaron las v\u00edas de potenciar la cooperaci\u00f3n y coordinaci\u00f3n en materia de salud y atenci\u00f3n m\u00e9dica. El ministro Al-Ghabash valor\u00f3 altamente la asistencia m\u00e9dica y &hellip;<\/p>\n","protected":false},"author":24,"featured_media":300017,"comment_status":"closed","ping_status":"closed","sticky":false,"template":"","format":"standard","meta":{"footnotes":""},"categories":[447,597,20724,476,448,467,7541],"tags":[19716,6868,19683,6553],"class_list":["post-300012","post","type-post","status-publish","format-standard","has-post-thumbnail","","category-local-politica","category-cinta-de-noticias","category-minuto-a-minuto","category-locales","category-noticias","category-siria-y-el-mundo","category-ultimas-noticias","tag-cooperacion","tag-cuba","tag-salud","tag-siria"],"_links":{"self":[{"href":"https:\/\/archive.sana.sy\/es\/index.php?rest_route=\/wp\/v2\/posts\/300012"}],"collection":[{"href":"https:\/\/archive.sana.sy\/es\/index.php?rest_route=\/wp\/v2\/posts"}],"about":[{"href":"https:\/\/archive.sana.sy\/es\/index.php?rest_route=\/wp\/v2\/types\/post"}],"author":[{"embeddable":true,"href":"https:\/\/archive.sana.sy\/es\/index.php?rest_route=\/wp\/v2\/users\/24"}],"replies":[{"embeddable":true,"href":"https:\/\/archive.sana.sy\/es\/index.php?rest_route=%2Fwp%2Fv2%2Fcomments&post=300012"}],"version-history":[{"count":6,"href":"https:\/\/archive.sana.sy\/es\/index.php?rest_route=\/wp\/v2\/posts\/300012\/revisions"}],"predecessor-version":[{"id":300023,"href":"https:\/\/archive.sana.sy\/es\/index.php?rest_route=\/wp\/v2\/posts\/300012\/revisions\/300023"}],"wp:featuredmedia":[{"embeddable":true,"href":"https:\/\/archive.sana.sy\/es\/index.php?rest_route=\/wp\/v2\/media\/300017"}],"wp:attachment":[{"href":"https:\/\/archive.sana.sy\/es\/index.php?rest_route=%2Fwp%2Fv2%2Fmedia&parent=300012"}],"wp:term":[{"taxonomy":"category","embeddable":true,"href":"https:\/\/archive.sana.sy\/es\/index.php?rest_route=%2Fwp%2Fv2%2Fcategories&post=300012"},{"taxonomy":"post_tag","embeddable":true,"href":"https:\/\/archive.sana.sy\/es\/index.php?rest_route=%2Fwp%2Fv2%2Ftags&post=300012"}],"curies":[{"name":"wp","href":"https:\/\/api.w.org\/{rel}","templated":true}]}}