{"id":300097,"date":"2023-06-08T11:53:32","date_gmt":"2023-06-08T08:53:32","guid":{"rendered":"http:\/\/sana.sy\/es\/?p=300097"},"modified":"2023-06-08T12:11:19","modified_gmt":"2023-06-08T09:11:19","slug":"siria-el-atentado-contra-la-central-hidroelectrica-de-kajovka-es-acto-terrorista-de-kiev","status":"publish","type":"post","link":"https:\/\/archive.sana.sy\/es\/?p=300097","title":{"rendered":"Siria: el atentado contra la central hidroel\u00e9ctrica de Kajovka es acto terrorista de Kiev"},"content":{"rendered":"<blockquote>\n<p style=\"text-align: justify;\"><span style=\"color: #993300;\">Se trata de un acto terrorista cometido por el &#8220;r\u00e9gimen ucraniano&#8221; y constituye una continuaci\u00f3n de sus acciones temerarias, y una escalada de sus protectores atl\u00e1nticos en su guerra contra Rusia.<\/span><\/p>\n<\/blockquote>\n<p style=\"text-align: justify;\"><span style=\"color: #800000;\"><strong>Damasco, 8 jun (SANA)<\/strong> <\/span>Siria conden\u00f3 hoy el atentado contra la central hidroel\u00e9ctrica de Kajovka, y lo consider\u00f3 un acto terrorista perpetrado por el r\u00e9gimen de Kiev y una escaladaa de la OTAN en su guerra contra Rusia.<\/p>\n<p style=\"text-align: justify;\">&#8220;Siria condena en los t\u00e9rminos m\u00e1s en\u00e9rgicos el ataque del r\u00e9gimen ucraniano contra la central hidroel\u00e9ctrica, que caus\u00f3 grandes da\u00f1os a la poblaci\u00f3n civil e inund\u00f3 vastas \u00e1reas con agua&#8221;, afirm\u00f3 el Ministerio de Asuntos Exteriores y Expatriados por medio de un comunicado.<\/p>\n<p style=\"text-align: justify;\">Consider\u00f3 que se trata de un acto terrorista cometido por el &#8220;r\u00e9gimen ucraniano&#8221; y constituye una continuaci\u00f3n de sus acciones temerarias, y una escalada de sus protectores atl\u00e1nticos en su guerra contra Rusia.<\/p>\n<p style=\"text-align: justify;\">El Ministerio ratific\u00f3 su plena solidaridad con Rusia en su enfrentamiento a la agresi\u00f3n atl\u00e1ntica e inst\u00f3 la comunidad internacional a actuar con contundencia para frenar las absurdas acciones del r\u00e9gimen ucraniano y el enfoque agresivo occidental, que constituye una grave amenaza para la paz y la seguridad en el mundo.<\/p>\n<p style=\"text-align: justify;\">fm\/as<\/p>\n","protected":false},"excerpt":{"rendered":"<p>Se trata de un acto terrorista cometido por el &#8220;r\u00e9gimen ucraniano&#8221; y constituye una continuaci\u00f3n de sus acciones temerarias, y una escalada de sus protectores atl\u00e1nticos en su guerra contra Rusia. Damasco, 8 jun (SANA) Siria conden\u00f3 hoy el atentado contra la central hidroel\u00e9ctrica de Kajovka, y lo consider\u00f3 un acto terrorista perpetrado por el &hellip;<\/p>\n","protected":false},"author":42,"featured_media":300104,"comment_status":"closed","ping_status":"closed","sticky":false,"template":"","format":"standard","meta":{"footnotes":""},"categories":[597,20724,467,583],"tags":[],"class_list":["post-300097","post","type-post","status-publish","format-standard","has-post-thumbnail","","category-cinta-de-noticias","category-minuto-a-minuto","category-siria-y-el-mundo","category-slide"],"_links":{"self":[{"href":"https:\/\/archive.sana.sy\/es\/index.php?rest_route=\/wp\/v2\/posts\/300097"}],"collection":[{"href":"https:\/\/archive.sana.sy\/es\/index.php?rest_route=\/wp\/v2\/posts"}],"about":[{"href":"https:\/\/archive.sana.sy\/es\/index.php?rest_route=\/wp\/v2\/types\/post"}],"author":[{"embeddable":true,"href":"https:\/\/archive.sana.sy\/es\/index.php?rest_route=\/wp\/v2\/users\/42"}],"replies":[{"embeddable":true,"href":"https:\/\/archive.sana.sy\/es\/index.php?rest_route=%2Fwp%2Fv2%2Fcomments&post=300097"}],"version-history":[{"count":2,"href":"https:\/\/archive.sana.sy\/es\/index.php?rest_route=\/wp\/v2\/posts\/300097\/revisions"}],"predecessor-version":[{"id":300101,"href":"https:\/\/archive.sana.sy\/es\/index.php?rest_route=\/wp\/v2\/posts\/300097\/revisions\/300101"}],"wp:featuredmedia":[{"embeddable":true,"href":"https:\/\/archive.sana.sy\/es\/index.php?rest_route=\/wp\/v2\/media\/300104"}],"wp:attachment":[{"href":"https:\/\/archive.sana.sy\/es\/index.php?rest_route=%2Fwp%2Fv2%2Fmedia&parent=300097"}],"wp:term":[{"taxonomy":"category","embeddable":true,"href":"https:\/\/archive.sana.sy\/es\/index.php?rest_route=%2Fwp%2Fv2%2Fcategories&post=300097"},{"taxonomy":"post_tag","embeddable":true,"href":"https:\/\/archive.sana.sy\/es\/index.php?rest_route=%2Fwp%2Fv2%2Ftags&post=300097"}],"curies":[{"name":"wp","href":"https:\/\/api.w.org\/{rel}","templated":true}]}}