{"id":300114,"date":"2023-06-08T13:48:21","date_gmt":"2023-06-08T10:48:21","guid":{"rendered":"http:\/\/sana.sy\/es\/?p=300114"},"modified":"2023-06-08T13:48:21","modified_gmt":"2023-06-08T10:48:21","slug":"primer-ministro-chequea-la-marcha-de-implentacion-de-dos-proyectos-vitales-en-latakia-fotos","status":"publish","type":"post","link":"https:\/\/archive.sana.sy\/es\/?p=300114","title":{"rendered":"Primer ministro chequea la marcha de implentaci\u00f3n de dos proyectos vitales en Latakia (+ fotos)"},"content":{"rendered":"<p style=\"text-align: justify;\"><span style=\"color: #800000;\"><strong>Latakia, 8 jun (SANA)<\/strong><\/span> El primer ministro, Hussein Arnous, realiz\u00f3 una visista al proyecto de la central de energ\u00eda el\u00e9ctrica en Rast\u00edn, en la provincia costera siria de Latakia.<\/p>\n<p style=\"text-align: justify;\">La implementaci\u00f3n de este proyecto se est\u00e1 llevando a cabo de acuerdo al plan y a pesar de las grandes dificultades. La instaci\u00f3n tiene una capacidad es de 526 megavatios y se puede ampliar hasta 1,052 MW.<\/p>\n<p style=\"text-align: justify;\">El proyecto incluye la construcci\u00f3n de un gasoducto de 60 km de longitud desde la central el\u00e9ctrica de Banias hasta el sitio de la central.<\/p>\n<p style=\"text-align: justify;\">Asimismo, el jefe del Ejecutivo inspeccion\u00f3 la marcha del trabajo en la planta de agua potable que se instala en la represa Tishreen para asegurar un suministro adicional de agua a la ciudad de Latakia y sus zonas rurales, con unos 85 000 metros c\u00fabicos de agua potable al d\u00eda.<\/p>\n<div id='gallery-1' class='gallery galleryid-300114 gallery-columns-1 gallery-size-full'><figure class='gallery-item'>\n\t\t\t<div class='gallery-icon landscape'>\n\t\t\t\t<a href='https:\/\/archive.sana.sy\/es\/wp-content\/uploads\/2023\/06\/c1.jpg'><img loading=\"lazy\" decoding=\"async\" width=\"660\" height=\"372\" src=\"https:\/\/archive.sana.sy\/es\/wp-content\/uploads\/2023\/06\/c1.jpg\" class=\"attachment-full size-full\" alt=\"\" srcset=\"https:\/\/archive.sana.sy\/es\/wp-content\/uploads\/2023\/06\/c1.jpg 660w, https:\/\/archive.sana.sy\/es\/wp-content\/uploads\/2023\/06\/c1-300x169.jpg 300w, https:\/\/archive.sana.sy\/es\/wp-content\/uploads\/2023\/06\/c1-150x85.jpg 150w\" sizes=\"(max-width: 660px) 100vw, 660px\" \/><\/a>\n\t\t\t<\/div><\/figure><figure class='gallery-item'>\n\t\t\t<div class='gallery-icon landscape'>\n\t\t\t\t<a href='https:\/\/archive.sana.sy\/es\/wp-content\/uploads\/2023\/06\/c2.jpg'><img loading=\"lazy\" decoding=\"async\" width=\"660\" height=\"382\" src=\"https:\/\/archive.sana.sy\/es\/wp-content\/uploads\/2023\/06\/c2.jpg\" class=\"attachment-full size-full\" alt=\"\" srcset=\"https:\/\/archive.sana.sy\/es\/wp-content\/uploads\/2023\/06\/c2.jpg 660w, https:\/\/archive.sana.sy\/es\/wp-content\/uploads\/2023\/06\/c2-300x174.jpg 300w, https:\/\/archive.sana.sy\/es\/wp-content\/uploads\/2023\/06\/c2-150x87.jpg 150w\" sizes=\"(max-width: 660px) 100vw, 660px\" \/><\/a>\n\t\t\t<\/div><\/figure><figure class='gallery-item'>\n\t\t\t<div class='gallery-icon landscape'>\n\t\t\t\t<a href='https:\/\/archive.sana.sy\/es\/wp-content\/uploads\/2023\/06\/c3.jpg'><img loading=\"lazy\" decoding=\"async\" width=\"660\" height=\"371\" src=\"https:\/\/archive.sana.sy\/es\/wp-content\/uploads\/2023\/06\/c3.jpg\" class=\"attachment-full size-full\" alt=\"\" srcset=\"https:\/\/archive.sana.sy\/es\/wp-content\/uploads\/2023\/06\/c3.jpg 660w, https:\/\/archive.sana.sy\/es\/wp-content\/uploads\/2023\/06\/c3-300x169.jpg 300w, https:\/\/archive.sana.sy\/es\/wp-content\/uploads\/2023\/06\/c3-150x84.jpg 150w\" sizes=\"(max-width: 660px) 100vw, 660px\" \/><\/a>\n\t\t\t<\/div><\/figure><figure class='gallery-item'>\n\t\t\t<div class='gallery-icon landscape'>\n\t\t\t\t<a href='https:\/\/archive.sana.sy\/es\/wp-content\/uploads\/2023\/06\/c4.jpg'><img loading=\"lazy\" decoding=\"async\" width=\"660\" height=\"407\" src=\"https:\/\/archive.sana.sy\/es\/wp-content\/uploads\/2023\/06\/c4.jpg\" class=\"attachment-full size-full\" alt=\"\" srcset=\"https:\/\/archive.sana.sy\/es\/wp-content\/uploads\/2023\/06\/c4.jpg 660w, https:\/\/archive.sana.sy\/es\/wp-content\/uploads\/2023\/06\/c4-300x185.jpg 300w, https:\/\/archive.sana.sy\/es\/wp-content\/uploads\/2023\/06\/c4-150x93.jpg 150w\" sizes=\"(max-width: 660px) 100vw, 660px\" \/><\/a>\n\t\t\t<\/div><\/figure><figure class='gallery-item'>\n\t\t\t<div class='gallery-icon landscape'>\n\t\t\t\t<a href='https:\/\/archive.sana.sy\/es\/wp-content\/uploads\/2023\/06\/c5.jpg'><img loading=\"lazy\" decoding=\"async\" width=\"660\" height=\"384\" src=\"https:\/\/archive.sana.sy\/es\/wp-content\/uploads\/2023\/06\/c5.jpg\" class=\"attachment-full size-full\" alt=\"\" aria-describedby=\"gallery-1-300120\" srcset=\"https:\/\/archive.sana.sy\/es\/wp-content\/uploads\/2023\/06\/c5.jpg 660w, https:\/\/archive.sana.sy\/es\/wp-content\/uploads\/2023\/06\/c5-300x175.jpg 300w, https:\/\/archive.sana.sy\/es\/wp-content\/uploads\/2023\/06\/c5-150x87.jpg 150w\" sizes=\"(max-width: 660px) 100vw, 660px\" \/><\/a>\n\t\t\t<\/div>\n\t\t\t\t<figcaption class='wp-caption-text gallery-caption' id='gallery-1-300120'>\n\t\t\t\tdav\n\t\t\t\t<\/figcaption><\/figure><figure class='gallery-item'>\n\t\t\t<div class='gallery-icon landscape'>\n\t\t\t\t<a href='https:\/\/archive.sana.sy\/es\/wp-content\/uploads\/2023\/06\/c6.jpg'><img loading=\"lazy\" decoding=\"async\" width=\"660\" height=\"404\" src=\"https:\/\/archive.sana.sy\/es\/wp-content\/uploads\/2023\/06\/c6.jpg\" class=\"attachment-full size-full\" alt=\"\" srcset=\"https:\/\/archive.sana.sy\/es\/wp-content\/uploads\/2023\/06\/c6.jpg 660w, https:\/\/archive.sana.sy\/es\/wp-content\/uploads\/2023\/06\/c6-300x184.jpg 300w, https:\/\/archive.sana.sy\/es\/wp-content\/uploads\/2023\/06\/c6-150x92.jpg 150w\" sizes=\"(max-width: 660px) 100vw, 660px\" \/><\/a>\n\t\t\t<\/div><\/figure>\n\t\t<\/div>\n\n<p style=\"text-align: justify;\">fm\/as<\/p>\n","protected":false},"excerpt":{"rendered":"<p>Latakia, 8 jun (SANA) El primer ministro, Hussein Arnous, realiz\u00f3 una visista al proyecto de la central de energ\u00eda el\u00e9ctrica en Rast\u00edn, en la provincia costera siria de Latakia. La implementaci\u00f3n de este proyecto se est\u00e1 llevando a cabo de acuerdo al plan y a pesar de las grandes dificultades. La instaci\u00f3n tiene una capacidad &hellip;<\/p>\n","protected":false},"author":42,"featured_media":300115,"comment_status":"closed","ping_status":"closed","sticky":false,"template":"","format":"standard","meta":{"footnotes":""},"categories":[597,20724,16688,476,583],"tags":[],"class_list":["post-300114","post","type-post","status-publish","format-standard","has-post-thumbnail","","category-cinta-de-noticias","category-minuto-a-minuto","category-nacionales","category-locales","category-slide"],"_links":{"self":[{"href":"https:\/\/archive.sana.sy\/es\/index.php?rest_route=\/wp\/v2\/posts\/300114"}],"collection":[{"href":"https:\/\/archive.sana.sy\/es\/index.php?rest_route=\/wp\/v2\/posts"}],"about":[{"href":"https:\/\/archive.sana.sy\/es\/index.php?rest_route=\/wp\/v2\/types\/post"}],"author":[{"embeddable":true,"href":"https:\/\/archive.sana.sy\/es\/index.php?rest_route=\/wp\/v2\/users\/42"}],"replies":[{"embeddable":true,"href":"https:\/\/archive.sana.sy\/es\/index.php?rest_route=%2Fwp%2Fv2%2Fcomments&post=300114"}],"version-history":[{"count":1,"href":"https:\/\/archive.sana.sy\/es\/index.php?rest_route=\/wp\/v2\/posts\/300114\/revisions"}],"predecessor-version":[{"id":300122,"href":"https:\/\/archive.sana.sy\/es\/index.php?rest_route=\/wp\/v2\/posts\/300114\/revisions\/300122"}],"wp:featuredmedia":[{"embeddable":true,"href":"https:\/\/archive.sana.sy\/es\/index.php?rest_route=\/wp\/v2\/media\/300115"}],"wp:attachment":[{"href":"https:\/\/archive.sana.sy\/es\/index.php?rest_route=%2Fwp%2Fv2%2Fmedia&parent=300114"}],"wp:term":[{"taxonomy":"category","embeddable":true,"href":"https:\/\/archive.sana.sy\/es\/index.php?rest_route=%2Fwp%2Fv2%2Fcategories&post=300114"},{"taxonomy":"post_tag","embeddable":true,"href":"https:\/\/archive.sana.sy\/es\/index.php?rest_route=%2Fwp%2Fv2%2Ftags&post=300114"}],"curies":[{"name":"wp","href":"https:\/\/api.w.org\/{rel}","templated":true}]}}