{"id":300180,"date":"2023-06-08T17:37:02","date_gmt":"2023-06-08T14:37:02","guid":{"rendered":"http:\/\/sana.sy\/es\/?p=300180"},"modified":"2023-06-08T17:37:02","modified_gmt":"2023-06-08T14:37:02","slug":"siria-y-rusia-abogan-por-fortalecer-cooperacion-en-el-sector-de-salud","status":"publish","type":"post","link":"https:\/\/archive.sana.sy\/es\/?p=300180","title":{"rendered":"Siria y Rusia abogan por fortalecer cooperaci\u00f3n en el sector de Salud"},"content":{"rendered":"<p style=\"text-align: justify;\"><span style=\"color: #800000;\"><strong>Damasco, 08 jun (SANA)\u00a0<\/strong> <\/span>El ministro sirio de Salud, Hassan Al-Ghobash, analiz\u00f3 con el vicegobernador de la regi\u00f3n de Nizhny Novgorod en la Federaci\u00f3n Rusa, Peter Vitalievich Bannikov, y la delegaci\u00f3n acompa\u00f1ante, formas de mejorar la cooperaci\u00f3n bilateral en el campo de la Salud.<\/p>\n<p><img loading=\"lazy\" decoding=\"async\" class=\"size-medium wp-image-300182 alignleft\" src=\"http:\/\/sana.sy\/es\/wp-content\/uploads\/2023\/06\/Siria-y-Rusia-abogan-por-fortalecer-cooperacion-en-el-sector-de-Salud-2-300x173.jpg\" alt=\"\" width=\"300\" height=\"173\" srcset=\"https:\/\/archive.sana.sy\/es\/wp-content\/uploads\/2023\/06\/Siria-y-Rusia-abogan-por-fortalecer-cooperacion-en-el-sector-de-Salud-2-300x173.jpg 300w, https:\/\/archive.sana.sy\/es\/wp-content\/uploads\/2023\/06\/Siria-y-Rusia-abogan-por-fortalecer-cooperacion-en-el-sector-de-Salud-2-150x87.jpg 150w, https:\/\/archive.sana.sy\/es\/wp-content\/uploads\/2023\/06\/Siria-y-Rusia-abogan-por-fortalecer-cooperacion-en-el-sector-de-Salud-2.jpg 660w\" sizes=\"(max-width: 300px) 100vw, 300px\" \/><\/p>\n<p style=\"text-align: justify;\">Durante el encuentro, el titular sirio se refiri\u00f3 a las arraigadas relaciones entre los dos pa\u00edses amigos, y destac\u00f3 la importancia de desarrollar y fortalecer la cooperaci\u00f3n en el campo de la Oftalmolog\u00eda.<\/p>\n<p style=\"text-align: justify;\">Por su parte, el funcionario ruso afirm\u00f3 el deseo de su pa\u00eds de ampliar los v\u00ednculos de cooperaci\u00f3n e intercambiar experiencias con Siria para incluir varios campos, y se\u00f1al\u00f3 la necesidad de fortalecer el programa de cooperaci\u00f3n en el campo de la Oftalmolog\u00eda, lentes y otras especialidades m\u00e9dicas.<\/p>\n<p>sm<\/p>\n","protected":false},"excerpt":{"rendered":"<p>Damasco, 08 jun (SANA)\u00a0 El ministro sirio de Salud, Hassan Al-Ghobash, analiz\u00f3 con el vicegobernador de la regi\u00f3n de Nizhny Novgorod en la Federaci\u00f3n Rusa, Peter Vitalievich Bannikov, y la delegaci\u00f3n acompa\u00f1ante, formas de mejorar la cooperaci\u00f3n bilateral en el campo de la Salud. Durante el encuentro, el titular sirio se refiri\u00f3 a las arraigadas &hellip;<\/p>\n","protected":false},"author":39,"featured_media":300181,"comment_status":"closed","ping_status":"closed","sticky":false,"template":"","format":"standard","meta":{"footnotes":""},"categories":[477,597,20724,467,7541],"tags":[],"class_list":["post-300180","post","type-post","status-publish","format-standard","has-post-thumbnail","","category-noticias-edulcorantes","category-cinta-de-noticias","category-minuto-a-minuto","category-siria-y-el-mundo","category-ultimas-noticias"],"_links":{"self":[{"href":"https:\/\/archive.sana.sy\/es\/index.php?rest_route=\/wp\/v2\/posts\/300180"}],"collection":[{"href":"https:\/\/archive.sana.sy\/es\/index.php?rest_route=\/wp\/v2\/posts"}],"about":[{"href":"https:\/\/archive.sana.sy\/es\/index.php?rest_route=\/wp\/v2\/types\/post"}],"author":[{"embeddable":true,"href":"https:\/\/archive.sana.sy\/es\/index.php?rest_route=\/wp\/v2\/users\/39"}],"replies":[{"embeddable":true,"href":"https:\/\/archive.sana.sy\/es\/index.php?rest_route=%2Fwp%2Fv2%2Fcomments&post=300180"}],"version-history":[{"count":1,"href":"https:\/\/archive.sana.sy\/es\/index.php?rest_route=\/wp\/v2\/posts\/300180\/revisions"}],"predecessor-version":[{"id":300183,"href":"https:\/\/archive.sana.sy\/es\/index.php?rest_route=\/wp\/v2\/posts\/300180\/revisions\/300183"}],"wp:featuredmedia":[{"embeddable":true,"href":"https:\/\/archive.sana.sy\/es\/index.php?rest_route=\/wp\/v2\/media\/300181"}],"wp:attachment":[{"href":"https:\/\/archive.sana.sy\/es\/index.php?rest_route=%2Fwp%2Fv2%2Fmedia&parent=300180"}],"wp:term":[{"taxonomy":"category","embeddable":true,"href":"https:\/\/archive.sana.sy\/es\/index.php?rest_route=%2Fwp%2Fv2%2Fcategories&post=300180"},{"taxonomy":"post_tag","embeddable":true,"href":"https:\/\/archive.sana.sy\/es\/index.php?rest_route=%2Fwp%2Fv2%2Ftags&post=300180"}],"curies":[{"name":"wp","href":"https:\/\/api.w.org\/{rel}","templated":true}]}}