{"id":300184,"date":"2023-06-08T18:21:00","date_gmt":"2023-06-08T15:21:00","guid":{"rendered":"http:\/\/sana.sy\/es\/?p=300184"},"modified":"2023-06-08T18:21:00","modified_gmt":"2023-06-08T15:21:00","slug":"siria-confirma-que-seguira-cooperando-con-la-oit","status":"publish","type":"post","link":"https:\/\/archive.sana.sy\/es\/?p=300184","title":{"rendered":"Siria confirma que seguir\u00e1 cooperando con la OIT"},"content":{"rendered":"<p style=\"text-align: justify;\"><span style=\"color: #800000;\"><strong>Damasco, 08 jun (SANA)\u00a0<\/strong> <\/span>\u00a0El ministro de Asuntos Sociales y Trabajo, Louay Imad Eddin Al-Munajjid, y durante su recibimiento al coordinador de las actividades de la Organizaci\u00f3n Internacional del Trabajo (OIT) en Siria, Tomoki Watanabe, y al primer especialista en Seguridad Social de la Entidad, Luca Pellerano, destac\u00f3 la importancia del entorno legislativo que regula el sector empresarial a trav\u00e9s de enmiendas que siguen los desarrollos econ\u00f3micos y sociales modernos y concuerdan con el contexto sirio.<\/p>\n<p style=\"text-align: justify;\">El titular sirio, adem\u00e1s, se\u00f1al\u00f3 la importancia de trabajar en el establecimiento de una plataforma especial que ser\u00eda el principal alimentador del observatorio del mercado laboral en Siria, a trav\u00e9s de datos correctos y claros.<\/p>\n<p style=\"text-align: justify;\">Asimismo, asegur\u00f3 la disposici\u00f3n de Siria para proporcionar todas las instalaciones necesarias para el \u00e9xito de la cooperaci\u00f3n existente con la OIT.<\/p>\n<p style=\"text-align: justify;\">sm<\/p>\n","protected":false},"excerpt":{"rendered":"<p>Damasco, 08 jun (SANA)\u00a0 \u00a0El ministro de Asuntos Sociales y Trabajo, Louay Imad Eddin Al-Munajjid, y durante su recibimiento al coordinador de las actividades de la Organizaci\u00f3n Internacional del Trabajo (OIT) en Siria, Tomoki Watanabe, y al primer especialista en Seguridad Social de la Entidad, Luca Pellerano, destac\u00f3 la importancia del entorno legislativo que regula &hellip;<\/p>\n","protected":false},"author":39,"featured_media":300185,"comment_status":"closed","ping_status":"closed","sticky":false,"template":"","format":"standard","meta":{"footnotes":""},"categories":[477,597,20724,476,7541],"tags":[],"class_list":["post-300184","post","type-post","status-publish","format-standard","has-post-thumbnail","","category-noticias-edulcorantes","category-cinta-de-noticias","category-minuto-a-minuto","category-locales","category-ultimas-noticias"],"_links":{"self":[{"href":"https:\/\/archive.sana.sy\/es\/index.php?rest_route=\/wp\/v2\/posts\/300184"}],"collection":[{"href":"https:\/\/archive.sana.sy\/es\/index.php?rest_route=\/wp\/v2\/posts"}],"about":[{"href":"https:\/\/archive.sana.sy\/es\/index.php?rest_route=\/wp\/v2\/types\/post"}],"author":[{"embeddable":true,"href":"https:\/\/archive.sana.sy\/es\/index.php?rest_route=\/wp\/v2\/users\/39"}],"replies":[{"embeddable":true,"href":"https:\/\/archive.sana.sy\/es\/index.php?rest_route=%2Fwp%2Fv2%2Fcomments&post=300184"}],"version-history":[{"count":1,"href":"https:\/\/archive.sana.sy\/es\/index.php?rest_route=\/wp\/v2\/posts\/300184\/revisions"}],"predecessor-version":[{"id":300186,"href":"https:\/\/archive.sana.sy\/es\/index.php?rest_route=\/wp\/v2\/posts\/300184\/revisions\/300186"}],"wp:featuredmedia":[{"embeddable":true,"href":"https:\/\/archive.sana.sy\/es\/index.php?rest_route=\/wp\/v2\/media\/300185"}],"wp:attachment":[{"href":"https:\/\/archive.sana.sy\/es\/index.php?rest_route=%2Fwp%2Fv2%2Fmedia&parent=300184"}],"wp:term":[{"taxonomy":"category","embeddable":true,"href":"https:\/\/archive.sana.sy\/es\/index.php?rest_route=%2Fwp%2Fv2%2Fcategories&post=300184"},{"taxonomy":"post_tag","embeddable":true,"href":"https:\/\/archive.sana.sy\/es\/index.php?rest_route=%2Fwp%2Fv2%2Ftags&post=300184"}],"curies":[{"name":"wp","href":"https:\/\/api.w.org\/{rel}","templated":true}]}}