{"id":300222,"date":"2023-06-09T13:52:12","date_gmt":"2023-06-09T10:52:12","guid":{"rendered":"http:\/\/sana.sy\/es\/?p=300222"},"modified":"2023-06-09T13:52:12","modified_gmt":"2023-06-09T10:52:12","slug":"ocupante-israeli-agrede-a-libaneses-que-salieron-en-protesta-contra-el","status":"publish","type":"post","link":"https:\/\/archive.sana.sy\/es\/?p=300222","title":{"rendered":"Ocupante israel\u00ed agrede a libaneses que salieron en protesta contra \u00e9l"},"content":{"rendered":"<p style=\"text-align: justify;\"><strong><span style=\"color: #800000;\">Beirut, 09 jun (SANA)\u00a0<\/span> <\/strong>Las fuerzas de ocupaci\u00f3n israel\u00edes agredieron con bombas de gas lacrim\u00f3geno a los habitantes de las localidades libanesas Kfar Shuba y Al-Arqoub, que salieron a manifestarse contra el arraso de sus tierras por parte de la ocupaci\u00f3n.<\/p>\n<p style=\"text-align: justify;\">Seg\u00fan medios libaneses, decenas de residentes de las mencionados poblados salieron en protesta para denunciar la demolici\u00f3n y el cambio de las caracter\u00edsticas de sus tierras por parte de las tropas israel\u00edes.<\/p>\n<p style=\"text-align: justify;\">Los manifestantes instaron a las Fuerzas Provisionales de las Naciones Unidas en el L\u00edbano, \u201cUNIFIL\u201d que pongan fin a las violaciones israel\u00edes contra la soberan\u00eda nacional.<\/p>\n<p style=\"text-align: justify;\">Adem\u00e1s, el ej\u00e9rcito liban\u00e9s se moviliz\u00f3 y envi\u00f3 refuerzos adicionales para apoyar la manifestaci\u00f3n.<\/p>\n<p style=\"text-align: justify;\">sm<\/p>\n","protected":false},"excerpt":{"rendered":"<p>Beirut, 09 jun (SANA)\u00a0 Las fuerzas de ocupaci\u00f3n israel\u00edes agredieron con bombas de gas lacrim\u00f3geno a los habitantes de las localidades libanesas Kfar Shuba y Al-Arqoub, que salieron a manifestarse contra el arraso de sus tierras por parte de la ocupaci\u00f3n. Seg\u00fan medios libaneses, decenas de residentes de las mencionados poblados salieron en protesta para &hellip;<\/p>\n","protected":false},"author":39,"featured_media":300224,"comment_status":"closed","ping_status":"closed","sticky":false,"template":"","format":"standard","meta":{"footnotes":""},"categories":[597,456,16687,20724,7541],"tags":[],"class_list":["post-300222","post","type-post","status-publish","format-standard","has-post-thumbnail","","category-cinta-de-noticias","category-arabe-internacional-politica","category-internacionales","category-minuto-a-minuto","category-ultimas-noticias"],"_links":{"self":[{"href":"https:\/\/archive.sana.sy\/es\/index.php?rest_route=\/wp\/v2\/posts\/300222"}],"collection":[{"href":"https:\/\/archive.sana.sy\/es\/index.php?rest_route=\/wp\/v2\/posts"}],"about":[{"href":"https:\/\/archive.sana.sy\/es\/index.php?rest_route=\/wp\/v2\/types\/post"}],"author":[{"embeddable":true,"href":"https:\/\/archive.sana.sy\/es\/index.php?rest_route=\/wp\/v2\/users\/39"}],"replies":[{"embeddable":true,"href":"https:\/\/archive.sana.sy\/es\/index.php?rest_route=%2Fwp%2Fv2%2Fcomments&post=300222"}],"version-history":[{"count":1,"href":"https:\/\/archive.sana.sy\/es\/index.php?rest_route=\/wp\/v2\/posts\/300222\/revisions"}],"predecessor-version":[{"id":300225,"href":"https:\/\/archive.sana.sy\/es\/index.php?rest_route=\/wp\/v2\/posts\/300222\/revisions\/300225"}],"wp:featuredmedia":[{"embeddable":true,"href":"https:\/\/archive.sana.sy\/es\/index.php?rest_route=\/wp\/v2\/media\/300224"}],"wp:attachment":[{"href":"https:\/\/archive.sana.sy\/es\/index.php?rest_route=%2Fwp%2Fv2%2Fmedia&parent=300222"}],"wp:term":[{"taxonomy":"category","embeddable":true,"href":"https:\/\/archive.sana.sy\/es\/index.php?rest_route=%2Fwp%2Fv2%2Fcategories&post=300222"},{"taxonomy":"post_tag","embeddable":true,"href":"https:\/\/archive.sana.sy\/es\/index.php?rest_route=%2Fwp%2Fv2%2Ftags&post=300222"}],"curies":[{"name":"wp","href":"https:\/\/api.w.org\/{rel}","templated":true}]}}