{"id":300226,"date":"2023-06-09T14:14:32","date_gmt":"2023-06-09T11:14:32","guid":{"rendered":"http:\/\/sana.sy\/es\/?p=300226"},"modified":"2023-06-09T14:14:32","modified_gmt":"2023-06-09T11:14:32","slug":"autoridades-de-jerson-ocho-muertos-por-inundacion-causada-por-destruccion-de-la-central-hidroelectrica-kajovka","status":"publish","type":"post","link":"https:\/\/archive.sana.sy\/es\/?p=300226","title":{"rendered":"Autoridades de Jers\u00f3n: ocho muertos por inundaci\u00f3n causada por destrucci\u00f3n de la central hidroel\u00e9ctrica Kaj\u00f3vka"},"content":{"rendered":"<p style=\"text-align: justify;\"><span style=\"color: #800000;\"><strong>Mosc\u00fa, 09 jun (SANA)\u00a0<\/strong> <\/span>\u00a0Las autoridades de Jers\u00f3n anunciaron hoy que el n\u00famero de muertos por la inundaci\u00f3n causada por la destrucci\u00f3n de la central hidroel\u00e9ctrica lleg\u00f3 a ocho.<\/p>\n<p style=\"text-align: justify;\">Adem\u00e1s, el vicegobernador de la regi\u00f3n, Vladimir Saldo, revel\u00f3 que siete personas, incluidos dos civiles, murieron como resultado del impacto de los cohetes disparados por las fuerzas del r\u00e9gimen ucraniano en el \u00e1rea de evacuaci\u00f3n en Hola-Pristan.<\/p>\n<p style=\"text-align: justify;\">Una fuente rusa hab\u00eda confirmado previamente que la estaci\u00f3n hidroel\u00e9ctrica de Kaj\u00f3vka fue atacada con lanzadores de misiles ucranianos \u201cOlkha\u201d, que impactaron en la parte superior de la misma.<\/p>\n<p style=\"text-align: justify;\">sm<\/p>\n","protected":false},"excerpt":{"rendered":"<p>Mosc\u00fa, 09 jun (SANA)\u00a0 \u00a0Las autoridades de Jers\u00f3n anunciaron hoy que el n\u00famero de muertos por la inundaci\u00f3n causada por la destrucci\u00f3n de la central hidroel\u00e9ctrica lleg\u00f3 a ocho. Adem\u00e1s, el vicegobernador de la regi\u00f3n, Vladimir Saldo, revel\u00f3 que siete personas, incluidos dos civiles, murieron como resultado del impacto de los cohetes disparados por las &hellip;<\/p>\n","protected":false},"author":39,"featured_media":300227,"comment_status":"closed","ping_status":"closed","sticky":false,"template":"","format":"standard","meta":{"footnotes":""},"categories":[597,456,16687,20724,7541],"tags":[],"class_list":["post-300226","post","type-post","status-publish","format-standard","has-post-thumbnail","","category-cinta-de-noticias","category-arabe-internacional-politica","category-internacionales","category-minuto-a-minuto","category-ultimas-noticias"],"_links":{"self":[{"href":"https:\/\/archive.sana.sy\/es\/index.php?rest_route=\/wp\/v2\/posts\/300226"}],"collection":[{"href":"https:\/\/archive.sana.sy\/es\/index.php?rest_route=\/wp\/v2\/posts"}],"about":[{"href":"https:\/\/archive.sana.sy\/es\/index.php?rest_route=\/wp\/v2\/types\/post"}],"author":[{"embeddable":true,"href":"https:\/\/archive.sana.sy\/es\/index.php?rest_route=\/wp\/v2\/users\/39"}],"replies":[{"embeddable":true,"href":"https:\/\/archive.sana.sy\/es\/index.php?rest_route=%2Fwp%2Fv2%2Fcomments&post=300226"}],"version-history":[{"count":1,"href":"https:\/\/archive.sana.sy\/es\/index.php?rest_route=\/wp\/v2\/posts\/300226\/revisions"}],"predecessor-version":[{"id":300228,"href":"https:\/\/archive.sana.sy\/es\/index.php?rest_route=\/wp\/v2\/posts\/300226\/revisions\/300228"}],"wp:featuredmedia":[{"embeddable":true,"href":"https:\/\/archive.sana.sy\/es\/index.php?rest_route=\/wp\/v2\/media\/300227"}],"wp:attachment":[{"href":"https:\/\/archive.sana.sy\/es\/index.php?rest_route=%2Fwp%2Fv2%2Fmedia&parent=300226"}],"wp:term":[{"taxonomy":"category","embeddable":true,"href":"https:\/\/archive.sana.sy\/es\/index.php?rest_route=%2Fwp%2Fv2%2Fcategories&post=300226"},{"taxonomy":"post_tag","embeddable":true,"href":"https:\/\/archive.sana.sy\/es\/index.php?rest_route=%2Fwp%2Fv2%2Ftags&post=300226"}],"curies":[{"name":"wp","href":"https:\/\/api.w.org\/{rel}","templated":true}]}}