{"id":300232,"date":"2023-06-09T15:15:34","date_gmt":"2023-06-09T12:15:34","guid":{"rendered":"http:\/\/sana.sy\/es\/?p=300232"},"modified":"2023-06-09T15:18:26","modified_gmt":"2023-06-09T12:18:26","slug":"moscu-captura-a-un-ciudadano-ruso-por-espionaje-a-favor-de-alemania","status":"publish","type":"post","link":"https:\/\/archive.sana.sy\/es\/?p=300232","title":{"rendered":"Mosc\u00fa captura a un ciudadano ruso por espionaje a favor de Berl\u00edn"},"content":{"rendered":"<p style=\"text-align: justify;\"><span style=\"color: #800000;\"><strong>Mosc\u00fa, 09 jun (SANA)\u00a0 <\/strong><\/span>El Servicio Federal de Seguridad de Rusia arrest\u00f3 a un exempleado de un complejo militar-industrial en la regi\u00f3n de Omsk por cargos de espionaje a favor a Alemania.<\/p>\n<p style=\"text-align: justify;\">El Servicio declar\u00f3 hoy que una operaci\u00f3n de espionaje a favor de Berl\u00edn por un ciudadano ruso fue frustrada en la regi\u00f3n de Omsk, y el esp\u00eda fue arrestado, seg\u00fan difundi\u00f3 RIA Novosti.<\/p>\n<p style=\"text-align: justify;\">El ciudadano ruso se hab\u00eda puesto en contacto con un representante de Alemania para brindar informaci\u00f3n en el \u00e1mbito militar, a cambio de ayudarle en la obtenci\u00f3n de la ciudadan\u00eda alemana.<\/p>\n<p style=\"text-align: justify;\">sm<\/p>\n","protected":false},"excerpt":{"rendered":"<p>Mosc\u00fa, 09 jun (SANA)\u00a0 El Servicio Federal de Seguridad de Rusia arrest\u00f3 a un exempleado de un complejo militar-industrial en la regi\u00f3n de Omsk por cargos de espionaje a favor a Alemania. El Servicio declar\u00f3 hoy que una operaci\u00f3n de espionaje a favor de Berl\u00edn por un ciudadano ruso fue frustrada en la regi\u00f3n de &hellip;<\/p>\n","protected":false},"author":39,"featured_media":300233,"comment_status":"closed","ping_status":"closed","sticky":false,"template":"","format":"standard","meta":{"footnotes":""},"categories":[597,456,16687,20724],"tags":[],"class_list":["post-300232","post","type-post","status-publish","format-standard","has-post-thumbnail","","category-cinta-de-noticias","category-arabe-internacional-politica","category-internacionales","category-minuto-a-minuto"],"_links":{"self":[{"href":"https:\/\/archive.sana.sy\/es\/index.php?rest_route=\/wp\/v2\/posts\/300232"}],"collection":[{"href":"https:\/\/archive.sana.sy\/es\/index.php?rest_route=\/wp\/v2\/posts"}],"about":[{"href":"https:\/\/archive.sana.sy\/es\/index.php?rest_route=\/wp\/v2\/types\/post"}],"author":[{"embeddable":true,"href":"https:\/\/archive.sana.sy\/es\/index.php?rest_route=\/wp\/v2\/users\/39"}],"replies":[{"embeddable":true,"href":"https:\/\/archive.sana.sy\/es\/index.php?rest_route=%2Fwp%2Fv2%2Fcomments&post=300232"}],"version-history":[{"count":2,"href":"https:\/\/archive.sana.sy\/es\/index.php?rest_route=\/wp\/v2\/posts\/300232\/revisions"}],"predecessor-version":[{"id":300235,"href":"https:\/\/archive.sana.sy\/es\/index.php?rest_route=\/wp\/v2\/posts\/300232\/revisions\/300235"}],"wp:featuredmedia":[{"embeddable":true,"href":"https:\/\/archive.sana.sy\/es\/index.php?rest_route=\/wp\/v2\/media\/300233"}],"wp:attachment":[{"href":"https:\/\/archive.sana.sy\/es\/index.php?rest_route=%2Fwp%2Fv2%2Fmedia&parent=300232"}],"wp:term":[{"taxonomy":"category","embeddable":true,"href":"https:\/\/archive.sana.sy\/es\/index.php?rest_route=%2Fwp%2Fv2%2Fcategories&post=300232"},{"taxonomy":"post_tag","embeddable":true,"href":"https:\/\/archive.sana.sy\/es\/index.php?rest_route=%2Fwp%2Fv2%2Ftags&post=300232"}],"curies":[{"name":"wp","href":"https:\/\/api.w.org\/{rel}","templated":true}]}}