{"id":300236,"date":"2023-06-09T15:35:14","date_gmt":"2023-06-09T12:35:14","guid":{"rendered":"http:\/\/sana.sy\/es\/?p=300236"},"modified":"2023-06-09T15:35:14","modified_gmt":"2023-06-09T12:35:14","slug":"duro-golpe-misiles-rusos-de-largo-alcance-destruyen-almacenes-ucranianos-con-armas-y-drones-extranjeros","status":"publish","type":"post","link":"https:\/\/archive.sana.sy\/es\/?p=300236","title":{"rendered":"Duro golpe.. misiles rusos de largo alcance destruyen almacenes ucranianos con armas y drones extranjeros"},"content":{"rendered":"<p style=\"text-align: justify;\"><span style=\"color: #800000;\"><strong>Mosc\u00fa, 09 jun (SANA)<\/strong><\/span> Las Fuerzas Armadas de la Federaci\u00f3n Rusa lanzaron un ataque masivo con misiles de precisi\u00f3n de largo alcance contra blancos militares de las Fuerzas Armadas de Ucrania.<\/p>\n<p style=\"text-align: justify;\">De acuerdo con el informe diario el Ministerio de Defensa, los proyectiles fueron disparados desde el mar y el aire contra dep\u00f3sitos de municiones, armas y equipos militares de fabricaci\u00f3n extranjera.<\/p>\n<p style=\"text-align: justify;\">Tambi\u00e9n, fueron destruidos almacenes que incluyen veh\u00edculos a\u00e9reos no tripulados.<\/p>\n<p style=\"text-align: justify;\">Todos los objetivos asignados fueron alcanzados con \u00e9xito, afirm\u00f3 el ente castrense.<\/p>\n<p style=\"text-align: justify;\">Agreg\u00f3 que como resultado de los ataques, se interrumpi\u00f3 el suministro a las tropas ucranianas en las zonas de hostilidades.<\/p>\n<p style=\"text-align: justify;\">fm\/sm<\/p>\n","protected":false},"excerpt":{"rendered":"<p>Mosc\u00fa, 09 jun (SANA) Las Fuerzas Armadas de la Federaci\u00f3n Rusa lanzaron un ataque masivo con misiles de precisi\u00f3n de largo alcance contra blancos militares de las Fuerzas Armadas de Ucrania. De acuerdo con el informe diario el Ministerio de Defensa, los proyectiles fueron disparados desde el mar y el aire contra dep\u00f3sitos de municiones, &hellip;<\/p>\n","protected":false},"author":39,"featured_media":300237,"comment_status":"closed","ping_status":"closed","sticky":false,"template":"","format":"standard","meta":{"footnotes":""},"categories":[597,456,16687,583],"tags":[],"class_list":["post-300236","post","type-post","status-publish","format-standard","has-post-thumbnail","","category-cinta-de-noticias","category-arabe-internacional-politica","category-internacionales","category-slide"],"_links":{"self":[{"href":"https:\/\/archive.sana.sy\/es\/index.php?rest_route=\/wp\/v2\/posts\/300236"}],"collection":[{"href":"https:\/\/archive.sana.sy\/es\/index.php?rest_route=\/wp\/v2\/posts"}],"about":[{"href":"https:\/\/archive.sana.sy\/es\/index.php?rest_route=\/wp\/v2\/types\/post"}],"author":[{"embeddable":true,"href":"https:\/\/archive.sana.sy\/es\/index.php?rest_route=\/wp\/v2\/users\/39"}],"replies":[{"embeddable":true,"href":"https:\/\/archive.sana.sy\/es\/index.php?rest_route=%2Fwp%2Fv2%2Fcomments&post=300236"}],"version-history":[{"count":1,"href":"https:\/\/archive.sana.sy\/es\/index.php?rest_route=\/wp\/v2\/posts\/300236\/revisions"}],"predecessor-version":[{"id":300238,"href":"https:\/\/archive.sana.sy\/es\/index.php?rest_route=\/wp\/v2\/posts\/300236\/revisions\/300238"}],"wp:featuredmedia":[{"embeddable":true,"href":"https:\/\/archive.sana.sy\/es\/index.php?rest_route=\/wp\/v2\/media\/300237"}],"wp:attachment":[{"href":"https:\/\/archive.sana.sy\/es\/index.php?rest_route=%2Fwp%2Fv2%2Fmedia&parent=300236"}],"wp:term":[{"taxonomy":"category","embeddable":true,"href":"https:\/\/archive.sana.sy\/es\/index.php?rest_route=%2Fwp%2Fv2%2Fcategories&post=300236"},{"taxonomy":"post_tag","embeddable":true,"href":"https:\/\/archive.sana.sy\/es\/index.php?rest_route=%2Fwp%2Fv2%2Ftags&post=300236"}],"curies":[{"name":"wp","href":"https:\/\/api.w.org\/{rel}","templated":true}]}}