{"id":300325,"date":"2023-06-10T14:18:40","date_gmt":"2023-06-10T11:18:40","guid":{"rendered":"http:\/\/sana.sy\/es\/?p=300325"},"modified":"2023-06-10T14:23:12","modified_gmt":"2023-06-10T11:23:12","slug":"siria-condena-agresiones-israelies-contra-libano-y-saluda-valentia-de-su-ejercito-y-pueblo","status":"publish","type":"post","link":"https:\/\/archive.sana.sy\/es\/?p=300325","title":{"rendered":"Siria condena agresiones israel\u00edes contra L\u00edbano y saluda valent\u00eda de su ej\u00e9rcito y pueblo"},"content":{"rendered":"<p style=\"text-align: justify;\"><span style=\"color: #800000;\"><strong>Damasco, 10 jun (SANA)\u00a0<\/strong> <\/span>Siria conden\u00f3 hoy las continuas agresiones israel\u00edes contra el L\u00edbano, y salud\u00f3 la valent\u00eda mostrada por el ej\u00e9rcito y pueblo de esta naci\u00f3n \u00e1rabe en la defensa de su tierra y soberan\u00eda.<\/p>\n<p style=\"text-align: justify;\">Ensalzamos al pueblo liban\u00e9s y su ej\u00e9rcito por su valiente defensa del territorio y la soberan\u00eda del L\u00edbano, ante las agresiones israel\u00edes que tuvieron lugar este 9 de junio, en la zona de Kafer Shuba, afirm\u00f3 el Ministerio de Asuntos Exteriores y Expatriados por medio de un comunicado.<\/p>\n<p style=\"text-align: justify;\">Consider\u00f3 que el pueblo y ej\u00e9rcito de L\u00edbano enfrentaron valientemente a estos ataques cuyo objetivo es socavar la soberan\u00eda e integridad territorial.<\/p>\n<p style=\"text-align: justify;\">Seg\u00fan el texto, los planes del ej\u00e9rcito de ocupaci\u00f3n israel\u00ed para cambiar la naturaleza geogr\u00e1fica de la regi\u00f3n revirtieron sobre el mismo.<\/p>\n<p style=\"text-align: justify;\">Estas agresiones solo resultar\u00e1n en sucesivas decepciones y continuas derrotas, concluy\u00f3 Canciller\u00eda su declaraci\u00f3n.<\/p>\n<p style=\"text-align: justify;\">fm\/ed<\/p>\n","protected":false},"excerpt":{"rendered":"<p>Damasco, 10 jun (SANA)\u00a0 Siria conden\u00f3 hoy las continuas agresiones israel\u00edes contra el L\u00edbano, y salud\u00f3 la valent\u00eda mostrada por el ej\u00e9rcito y pueblo de esta naci\u00f3n \u00e1rabe en la defensa de su tierra y soberan\u00eda. Ensalzamos al pueblo liban\u00e9s y su ej\u00e9rcito por su valiente defensa del territorio y la soberan\u00eda del L\u00edbano, ante &hellip;<\/p>\n","protected":false},"author":32,"featured_media":300329,"comment_status":"closed","ping_status":"closed","sticky":false,"template":"","format":"standard","meta":{"footnotes":""},"categories":[477,597,20724,476,583],"tags":[],"class_list":["post-300325","post","type-post","status-publish","format-standard","has-post-thumbnail","","category-noticias-edulcorantes","category-cinta-de-noticias","category-minuto-a-minuto","category-locales","category-slide"],"_links":{"self":[{"href":"https:\/\/archive.sana.sy\/es\/index.php?rest_route=\/wp\/v2\/posts\/300325"}],"collection":[{"href":"https:\/\/archive.sana.sy\/es\/index.php?rest_route=\/wp\/v2\/posts"}],"about":[{"href":"https:\/\/archive.sana.sy\/es\/index.php?rest_route=\/wp\/v2\/types\/post"}],"author":[{"embeddable":true,"href":"https:\/\/archive.sana.sy\/es\/index.php?rest_route=\/wp\/v2\/users\/32"}],"replies":[{"embeddable":true,"href":"https:\/\/archive.sana.sy\/es\/index.php?rest_route=%2Fwp%2Fv2%2Fcomments&post=300325"}],"version-history":[{"count":1,"href":"https:\/\/archive.sana.sy\/es\/index.php?rest_route=\/wp\/v2\/posts\/300325\/revisions"}],"predecessor-version":[{"id":300327,"href":"https:\/\/archive.sana.sy\/es\/index.php?rest_route=\/wp\/v2\/posts\/300325\/revisions\/300327"}],"wp:featuredmedia":[{"embeddable":true,"href":"https:\/\/archive.sana.sy\/es\/index.php?rest_route=\/wp\/v2\/media\/300329"}],"wp:attachment":[{"href":"https:\/\/archive.sana.sy\/es\/index.php?rest_route=%2Fwp%2Fv2%2Fmedia&parent=300325"}],"wp:term":[{"taxonomy":"category","embeddable":true,"href":"https:\/\/archive.sana.sy\/es\/index.php?rest_route=%2Fwp%2Fv2%2Fcategories&post=300325"},{"taxonomy":"post_tag","embeddable":true,"href":"https:\/\/archive.sana.sy\/es\/index.php?rest_route=%2Fwp%2Fv2%2Ftags&post=300325"}],"curies":[{"name":"wp","href":"https:\/\/api.w.org\/{rel}","templated":true}]}}