{"id":300331,"date":"2023-06-10T14:41:37","date_gmt":"2023-06-10T11:41:37","guid":{"rendered":"https:\/\/sana.sy\/es\/?p=300331"},"modified":"2023-06-10T14:46:36","modified_gmt":"2023-06-10T11:46:36","slug":"cientos-se-suman-al-proceso-de-reconciliacion-en-deraa","status":"publish","type":"post","link":"https:\/\/archive.sana.sy\/es\/?p=300331","title":{"rendered":"Cientos se suman al proceso de reconciliaci\u00f3n en Deraa"},"content":{"rendered":"<p style=\"text-align: justify;\"><span style=\"color: #800000;\"><strong>Deraa, 10 jun (SANA)<\/strong><\/span> El proceso de reconciliaci\u00f3n integral propuesto por el Estado sirio contin\u00faa en la provincia de Deraa, en el sur de Siria.<\/p>\n<p style=\"text-align: justify;\">Cientos de personas residentes del municipio de Bosra acudieron para unirse al proceso de reconciliaci\u00f3n nacional en el Centro de reconciliaci\u00f3n.<\/p>\n<p style=\"text-align: justify;\">Solo el \u00faltimo jueves, dos mil 200 fugitivos se sumaron a este proceso establecido en la cabecera provincial.<\/p>\n<p style=\"text-align: justify;\">El proceso incluye la concesi\u00f3n de amnist\u00eda a todos los pr\u00f3fugos y militares fugitivos y desertores que entregan sus armas voluntariamente a las autoridades.<\/p>\n<p style=\"text-align: justify;\">El Ej\u00e9rcito sirio implementa pol\u00edticas basadas en la reconciliaci\u00f3n para recuperar la normalidad y devolver las instituciones estatales, sin recurrir a operaciones militares que podr\u00edan provocar p\u00e9rdidas materiales y de vidas humanas.<\/p>\n<p style=\"text-align: justify;\">Seg\u00fan las cifras anunciadas por Damasco, alrededor de 60 mil hombres armados y desertores fueron indultados en 2022, tras incorporarse al proceso reconciliador las provincias de Deir Ezzor, Raqa, Alepo y Deraa, Damasco-campo, Homs y Hama.<\/p>\n<p style=\"text-align: justify;\">La iniciativa, propuesta por el Gobierno, incluye la concesi\u00f3n de amnist\u00eda a los que deponen sus armas y a los desertores que se entreguen a las autoridades judiciales y militares, para luego reintegrarse a las filas del ej\u00e9rcito.<\/p>\n<p style=\"text-align: justify;\">ed\/fm\/as<\/p>\n","protected":false},"excerpt":{"rendered":"<p>Deraa, 10 jun (SANA) El proceso de reconciliaci\u00f3n integral propuesto por el Estado sirio contin\u00faa en la provincia de Deraa, en el sur de Siria. Cientos de personas residentes del municipio de Bosra acudieron para unirse al proceso de reconciliaci\u00f3n nacional en el Centro de reconciliaci\u00f3n. Solo el \u00faltimo jueves, dos mil 200 fugitivos se &hellip;<\/p>\n","protected":false},"author":42,"featured_media":300332,"comment_status":"closed","ping_status":"closed","sticky":false,"template":"","format":"standard","meta":{"footnotes":""},"categories":[597,20724,476,16688,7541],"tags":[],"class_list":["post-300331","post","type-post","status-publish","format-standard","has-post-thumbnail","","category-cinta-de-noticias","category-minuto-a-minuto","category-locales","category-nacionales","category-ultimas-noticias"],"_links":{"self":[{"href":"https:\/\/archive.sana.sy\/es\/index.php?rest_route=\/wp\/v2\/posts\/300331"}],"collection":[{"href":"https:\/\/archive.sana.sy\/es\/index.php?rest_route=\/wp\/v2\/posts"}],"about":[{"href":"https:\/\/archive.sana.sy\/es\/index.php?rest_route=\/wp\/v2\/types\/post"}],"author":[{"embeddable":true,"href":"https:\/\/archive.sana.sy\/es\/index.php?rest_route=\/wp\/v2\/users\/42"}],"replies":[{"embeddable":true,"href":"https:\/\/archive.sana.sy\/es\/index.php?rest_route=%2Fwp%2Fv2%2Fcomments&post=300331"}],"version-history":[{"count":2,"href":"https:\/\/archive.sana.sy\/es\/index.php?rest_route=\/wp\/v2\/posts\/300331\/revisions"}],"predecessor-version":[{"id":300334,"href":"https:\/\/archive.sana.sy\/es\/index.php?rest_route=\/wp\/v2\/posts\/300331\/revisions\/300334"}],"wp:featuredmedia":[{"embeddable":true,"href":"https:\/\/archive.sana.sy\/es\/index.php?rest_route=\/wp\/v2\/media\/300332"}],"wp:attachment":[{"href":"https:\/\/archive.sana.sy\/es\/index.php?rest_route=%2Fwp%2Fv2%2Fmedia&parent=300331"}],"wp:term":[{"taxonomy":"category","embeddable":true,"href":"https:\/\/archive.sana.sy\/es\/index.php?rest_route=%2Fwp%2Fv2%2Fcategories&post=300331"},{"taxonomy":"post_tag","embeddable":true,"href":"https:\/\/archive.sana.sy\/es\/index.php?rest_route=%2Fwp%2Fv2%2Ftags&post=300331"}],"curies":[{"name":"wp","href":"https:\/\/api.w.org\/{rel}","templated":true}]}}