{"id":300352,"date":"2023-06-10T16:15:11","date_gmt":"2023-06-10T13:15:11","guid":{"rendered":"https:\/\/sana.sy\/es\/?p=300352"},"modified":"2023-06-10T18:20:37","modified_gmt":"2023-06-10T15:20:37","slug":"cancilleres-de-siria-e-iran-abordan-relaciones-bilaterales-y-cuestiones-de-interes-mutuo","status":"publish","type":"post","link":"https:\/\/archive.sana.sy\/es\/?p=300352","title":{"rendered":"Cancilleres de Siria e Ir\u00e1n abordan relaciones bilaterales y cuestiones de inter\u00e9s mutuo"},"content":{"rendered":"<p style=\"text-align: justify;\"><span style=\"color: #800000;\"><strong>Damasco, 10 jun (SANA)<\/strong><\/span> El ministro sirio de Asuntos Exteriores, Faisal Al-Mekdad, y su hom\u00f3logo iran\u00ed Hussein Amir Abdollahian, sostuvieron hoy conversaci\u00f3n telef\u00f3nica en la que trataron las relaciones bilaterales y cuestiones relativas a los recientes suscesos positivos en los escenarios \u00e1rabe y regional.<\/p>\n<p style=\"text-align: justify;\">Las dos partes intercambiaron puntos de vista sobre la exitosa visita que efectu\u00f3 recientemente el presidente de la Rep\u00fablica Isl\u00e1mica de Ir\u00e1n a Siria y sus resultados positivos, y manifestaron la determinaci\u00f3n de implementar los acuerdos alcanzados durante la misma.<\/p>\n<p style=\"text-align: justify;\">fm\/as<\/p>\n","protected":false},"excerpt":{"rendered":"<p>Damasco, 10 jun (SANA) El ministro sirio de Asuntos Exteriores, Faisal Al-Mekdad, y su hom\u00f3logo iran\u00ed Hussein Amir Abdollahian, sostuvieron hoy conversaci\u00f3n telef\u00f3nica en la que trataron las relaciones bilaterales y cuestiones relativas a los recientes suscesos positivos en los escenarios \u00e1rabe y regional. Las dos partes intercambiaron puntos de vista sobre la exitosa visita &hellip;<\/p>\n","protected":false},"author":42,"featured_media":300366,"comment_status":"closed","ping_status":"closed","sticky":false,"template":"","format":"standard","meta":{"footnotes":""},"categories":[597,20724,467,583],"tags":[],"class_list":["post-300352","post","type-post","status-publish","format-standard","has-post-thumbnail","","category-cinta-de-noticias","category-minuto-a-minuto","category-siria-y-el-mundo","category-slide"],"_links":{"self":[{"href":"https:\/\/archive.sana.sy\/es\/index.php?rest_route=\/wp\/v2\/posts\/300352"}],"collection":[{"href":"https:\/\/archive.sana.sy\/es\/index.php?rest_route=\/wp\/v2\/posts"}],"about":[{"href":"https:\/\/archive.sana.sy\/es\/index.php?rest_route=\/wp\/v2\/types\/post"}],"author":[{"embeddable":true,"href":"https:\/\/archive.sana.sy\/es\/index.php?rest_route=\/wp\/v2\/users\/42"}],"replies":[{"embeddable":true,"href":"https:\/\/archive.sana.sy\/es\/index.php?rest_route=%2Fwp%2Fv2%2Fcomments&post=300352"}],"version-history":[{"count":1,"href":"https:\/\/archive.sana.sy\/es\/index.php?rest_route=\/wp\/v2\/posts\/300352\/revisions"}],"predecessor-version":[{"id":300354,"href":"https:\/\/archive.sana.sy\/es\/index.php?rest_route=\/wp\/v2\/posts\/300352\/revisions\/300354"}],"wp:featuredmedia":[{"embeddable":true,"href":"https:\/\/archive.sana.sy\/es\/index.php?rest_route=\/wp\/v2\/media\/300366"}],"wp:attachment":[{"href":"https:\/\/archive.sana.sy\/es\/index.php?rest_route=%2Fwp%2Fv2%2Fmedia&parent=300352"}],"wp:term":[{"taxonomy":"category","embeddable":true,"href":"https:\/\/archive.sana.sy\/es\/index.php?rest_route=%2Fwp%2Fv2%2Fcategories&post=300352"},{"taxonomy":"post_tag","embeddable":true,"href":"https:\/\/archive.sana.sy\/es\/index.php?rest_route=%2Fwp%2Fv2%2Ftags&post=300352"}],"curies":[{"name":"wp","href":"https:\/\/api.w.org\/{rel}","templated":true}]}}