{"id":300422,"date":"2023-06-11T16:25:19","date_gmt":"2023-06-11T13:25:19","guid":{"rendered":"https:\/\/sana.sy\/es\/?p=300422"},"modified":"2023-06-11T16:25:19","modified_gmt":"2023-06-11T13:25:19","slug":"siria-y-unicef-repasan-programas-y-proyectos-conjuntos","status":"publish","type":"post","link":"https:\/\/archive.sana.sy\/es\/?p=300422","title":{"rendered":"Siria y Unicef repasan programas y proyectos conjuntos"},"content":{"rendered":"<blockquote>\n<p style=\"text-align: justify;\"><span style=\"color: #993300;\">Las dos partes trataron varios temas relacionados con los programas de protecci\u00f3n social para ni\u00f1os con necesidades especiales, la protecci\u00f3n de la infancia, el apoyo psicosocial y la salud mental y las pautas para el apoyo psicosocial, y los mecanismos de cooperaci\u00f3n para lograr todo lo anterior.<\/span><\/p>\n<\/blockquote>\n<p style=\"text-align: justify;\"><span style=\"color: #800000;\"><strong>Damasco, 11 jun (SANA)<\/strong><\/span> El ministro de Asuntos Sociales y Trabajo, Loai Al-Munayed, repas\u00f3 hoy con el representante residente de la UNICEF en Siria, Yasuo Masakimura, los programas y proyectos de inter\u00e9s com\u00fan.<\/p>\n<p style=\"text-align: justify;\">Las dos partes trataron varios temas relacionados con los programas de protecci\u00f3n social para ni\u00f1os con necesidades especiales, la protecci\u00f3n de la infancia, el apoyo psicosocial y la salud mental y las pautas para el apoyo psicosocial, y los mecanismos de cooperaci\u00f3n para lograr todo lo anterior.<\/p>\n<p style=\"text-align: justify;\">El titular sirio destac\u00f3 la importancia de celebrar reuniones t\u00e9cnicas conjuntas para sentar las bases y futuras propuestas de cooperaci\u00f3n conjunta, seg\u00fan un plan pr\u00e1ctico gestionado por la Comisi\u00f3n Siria de Asuntos de la Familia y la Poblaci\u00f3n.<\/p>\n<p style=\"text-align: justify;\">Subray\u00f3 la importancia de reconsiderar los planes vigentes y hacer las propuestas necesarias para superar las dificultades.<\/p>\n<p style=\"text-align: justify;\">Por su parte, el representante residente de la Unicef expres\u00f3 la disposici\u00f3n de la organizaci\u00f3n para apoyar al ministerio con proyectos que desee activar de acuerdo a sus prioridades de trabajo.<\/p>\n<p style=\"text-align: justify;\">Destac\u00f3 la necesidad de fortalecer la cooperaci\u00f3n y coordinaci\u00f3n con el ministerio, lo que repercutir\u00e1 positivamente en la labor conjunta en el futuro.<\/p>\n<p style=\"text-align: justify;\">fm\/as<\/p>\n","protected":false},"excerpt":{"rendered":"<p>Las dos partes trataron varios temas relacionados con los programas de protecci\u00f3n social para ni\u00f1os con necesidades especiales, la protecci\u00f3n de la infancia, el apoyo psicosocial y la salud mental y las pautas para el apoyo psicosocial, y los mecanismos de cooperaci\u00f3n para lograr todo lo anterior. Damasco, 11 jun (SANA) El ministro de Asuntos &hellip;<\/p>\n","protected":false},"author":42,"featured_media":300423,"comment_status":"closed","ping_status":"closed","sticky":false,"template":"","format":"standard","meta":{"footnotes":""},"categories":[597,20724,476,16688,7541],"tags":[],"class_list":["post-300422","post","type-post","status-publish","format-standard","has-post-thumbnail","","category-cinta-de-noticias","category-minuto-a-minuto","category-locales","category-nacionales","category-ultimas-noticias"],"_links":{"self":[{"href":"https:\/\/archive.sana.sy\/es\/index.php?rest_route=\/wp\/v2\/posts\/300422"}],"collection":[{"href":"https:\/\/archive.sana.sy\/es\/index.php?rest_route=\/wp\/v2\/posts"}],"about":[{"href":"https:\/\/archive.sana.sy\/es\/index.php?rest_route=\/wp\/v2\/types\/post"}],"author":[{"embeddable":true,"href":"https:\/\/archive.sana.sy\/es\/index.php?rest_route=\/wp\/v2\/users\/42"}],"replies":[{"embeddable":true,"href":"https:\/\/archive.sana.sy\/es\/index.php?rest_route=%2Fwp%2Fv2%2Fcomments&post=300422"}],"version-history":[{"count":1,"href":"https:\/\/archive.sana.sy\/es\/index.php?rest_route=\/wp\/v2\/posts\/300422\/revisions"}],"predecessor-version":[{"id":300424,"href":"https:\/\/archive.sana.sy\/es\/index.php?rest_route=\/wp\/v2\/posts\/300422\/revisions\/300424"}],"wp:featuredmedia":[{"embeddable":true,"href":"https:\/\/archive.sana.sy\/es\/index.php?rest_route=\/wp\/v2\/media\/300423"}],"wp:attachment":[{"href":"https:\/\/archive.sana.sy\/es\/index.php?rest_route=%2Fwp%2Fv2%2Fmedia&parent=300422"}],"wp:term":[{"taxonomy":"category","embeddable":true,"href":"https:\/\/archive.sana.sy\/es\/index.php?rest_route=%2Fwp%2Fv2%2Fcategories&post=300422"},{"taxonomy":"post_tag","embeddable":true,"href":"https:\/\/archive.sana.sy\/es\/index.php?rest_route=%2Fwp%2Fv2%2Ftags&post=300422"}],"curies":[{"name":"wp","href":"https:\/\/api.w.org\/{rel}","templated":true}]}}