{"id":300425,"date":"2023-06-11T16:20:22","date_gmt":"2023-06-11T13:20:22","guid":{"rendered":"http:\/\/sana.sy\/es\/?p=300425"},"modified":"2023-06-11T16:29:55","modified_gmt":"2023-06-11T13:29:55","slug":"conversaciones-sirio-emiraties-para-desarrollar-cooperacion-economica-e-intercambio-comercial","status":"publish","type":"post","link":"https:\/\/archive.sana.sy\/es\/?p=300425","title":{"rendered":"Conversaciones sirio-emirat\u00edes para desarrollar cooperaci\u00f3n econ\u00f3mica e intercambio comercial"},"content":{"rendered":"<p style=\"text-align: justify;\"><span style=\"color: #800000;\"><strong>Damasco, 11 jun (SANA)\u00a0<\/strong> <\/span>\u00a0El ministro de Comercio Interior y Protecci\u00f3n del Consumidor, Mohsen Abdel-Karim Ali, analiz\u00f3 hoy con el encargado de Negocios de la Embajada de los Emiratos \u00c1rabes Unidos en Damasco, Abdel-Hakim Al-Nuaimi, los medios para desarrollar las relaciones de cooperaci\u00f3n econ\u00f3mica y el intercambio comercial entre los dos pa\u00edses.<\/p>\n<p style=\"text-align: justify;\">El Ministro sirio destac\u00f3 las arraigadas relaciones entre los dos pa\u00edses y pueblos hermanos, y llam\u00f3 a brindar todas las facilidades que contribuyan al fortalecimiento del trabajo conjunto de manera que se logren los intereses comunes de ambos pa\u00edses.<\/p>\n<p style=\"text-align: justify;\">Por su parte, el diplom\u00e1tico emirat\u00ed se\u00f1al\u00f3 la importancia de abordar temas comerciales de inter\u00e9s com\u00fan, perspectivas de cooperaci\u00f3n futura y construir asociaciones reales entre las dos naciones.<\/p>\n<p style=\"text-align: justify;\">sm\/fm<\/p>\n","protected":false},"excerpt":{"rendered":"<p>Damasco, 11 jun (SANA)\u00a0 \u00a0El ministro de Comercio Interior y Protecci\u00f3n del Consumidor, Mohsen Abdel-Karim Ali, analiz\u00f3 hoy con el encargado de Negocios de la Embajada de los Emiratos \u00c1rabes Unidos en Damasco, Abdel-Hakim Al-Nuaimi, los medios para desarrollar las relaciones de cooperaci\u00f3n econ\u00f3mica y el intercambio comercial entre los dos pa\u00edses. El Ministro sirio &hellip;<\/p>\n","protected":false},"author":39,"featured_media":300426,"comment_status":"closed","ping_status":"closed","sticky":false,"template":"","format":"standard","meta":{"footnotes":""},"categories":[477,597,16686,483,485,20724,467,7541],"tags":[],"class_list":["post-300425","post","type-post","status-publish","format-standard","has-post-thumbnail","","category-noticias-edulcorantes","category-cinta-de-noticias","category-economia","category-negocios-y-finanzas","category-informes-negocios-y-finanzas","category-minuto-a-minuto","category-siria-y-el-mundo","category-ultimas-noticias"],"_links":{"self":[{"href":"https:\/\/archive.sana.sy\/es\/index.php?rest_route=\/wp\/v2\/posts\/300425"}],"collection":[{"href":"https:\/\/archive.sana.sy\/es\/index.php?rest_route=\/wp\/v2\/posts"}],"about":[{"href":"https:\/\/archive.sana.sy\/es\/index.php?rest_route=\/wp\/v2\/types\/post"}],"author":[{"embeddable":true,"href":"https:\/\/archive.sana.sy\/es\/index.php?rest_route=\/wp\/v2\/users\/39"}],"replies":[{"embeddable":true,"href":"https:\/\/archive.sana.sy\/es\/index.php?rest_route=%2Fwp%2Fv2%2Fcomments&post=300425"}],"version-history":[{"count":1,"href":"https:\/\/archive.sana.sy\/es\/index.php?rest_route=\/wp\/v2\/posts\/300425\/revisions"}],"predecessor-version":[{"id":300427,"href":"https:\/\/archive.sana.sy\/es\/index.php?rest_route=\/wp\/v2\/posts\/300425\/revisions\/300427"}],"wp:featuredmedia":[{"embeddable":true,"href":"https:\/\/archive.sana.sy\/es\/index.php?rest_route=\/wp\/v2\/media\/300426"}],"wp:attachment":[{"href":"https:\/\/archive.sana.sy\/es\/index.php?rest_route=%2Fwp%2Fv2%2Fmedia&parent=300425"}],"wp:term":[{"taxonomy":"category","embeddable":true,"href":"https:\/\/archive.sana.sy\/es\/index.php?rest_route=%2Fwp%2Fv2%2Fcategories&post=300425"},{"taxonomy":"post_tag","embeddable":true,"href":"https:\/\/archive.sana.sy\/es\/index.php?rest_route=%2Fwp%2Fv2%2Ftags&post=300425"}],"curies":[{"name":"wp","href":"https:\/\/api.w.org\/{rel}","templated":true}]}}