{"id":300443,"date":"2023-06-11T12:10:28","date_gmt":"2023-06-11T09:10:28","guid":{"rendered":"http:\/\/sana.sy\/es\/?p=300443"},"modified":"2023-06-11T21:13:28","modified_gmt":"2023-06-11T18:13:28","slug":"rusia-devuelve-casi-un-centenar-de-militares-rusos-cautivos-en-ucrania","status":"publish","type":"post","link":"https:\/\/archive.sana.sy\/es\/?p=300443","title":{"rendered":"Rusia devuelve casi un centenar de militares rusos cautivos en Ucrania"},"content":{"rendered":"<p style=\"text-align: justify;\"><span style=\"color: #800000;\"><strong>Mosc\u00fa, 11 jun (SANA)\u00a0<\/strong> <\/span>El Ministerio de Defensa ruso inform\u00f3 este domingo que 94 militares rusos hab\u00edan sido liberados en un intercambio de prisioneros con el r\u00e9gimen de Kiev.<\/p>\n<p style=\"text-align: justify;\">\u201cComo resultado de las negociaciones, 94 militares rusos que corr\u00edan peligro de muerte fueron devueltos desde territorio controlado por Kiev\u201d, indic\u00f3.<\/p>\n<p style=\"text-align: justify;\">El ente castrense agreg\u00f3 que los uniformados liberados ser\u00e1n trasladados a los centros m\u00e9dicos del Ministerio para recibir asistencia m\u00e9dica y psicol\u00f3gica necesaria.<\/p>\n<p style=\"text-align: justify;\">rr\/fm<\/p>\n","protected":false},"excerpt":{"rendered":"<p>Mosc\u00fa, 11 jun (SANA)\u00a0 El Ministerio de Defensa ruso inform\u00f3 este domingo que 94 militares rusos hab\u00edan sido liberados en un intercambio de prisioneros con el r\u00e9gimen de Kiev. \u201cComo resultado de las negociaciones, 94 militares rusos que corr\u00edan peligro de muerte fueron devueltos desde territorio controlado por Kiev\u201d, indic\u00f3. El ente castrense agreg\u00f3 que &hellip;<\/p>\n","protected":false},"author":31,"featured_media":300444,"comment_status":"closed","ping_status":"closed","sticky":false,"template":"","format":"standard","meta":{"footnotes":""},"categories":[597,456,16687,7541],"tags":[6695,20357],"class_list":["post-300443","post","type-post","status-publish","format-standard","has-post-thumbnail","","category-cinta-de-noticias","category-arabe-internacional-politica","category-internacionales","category-ultimas-noticias","tag-rusia","tag-ucrania"],"_links":{"self":[{"href":"https:\/\/archive.sana.sy\/es\/index.php?rest_route=\/wp\/v2\/posts\/300443"}],"collection":[{"href":"https:\/\/archive.sana.sy\/es\/index.php?rest_route=\/wp\/v2\/posts"}],"about":[{"href":"https:\/\/archive.sana.sy\/es\/index.php?rest_route=\/wp\/v2\/types\/post"}],"author":[{"embeddable":true,"href":"https:\/\/archive.sana.sy\/es\/index.php?rest_route=\/wp\/v2\/users\/31"}],"replies":[{"embeddable":true,"href":"https:\/\/archive.sana.sy\/es\/index.php?rest_route=%2Fwp%2Fv2%2Fcomments&post=300443"}],"version-history":[{"count":1,"href":"https:\/\/archive.sana.sy\/es\/index.php?rest_route=\/wp\/v2\/posts\/300443\/revisions"}],"predecessor-version":[{"id":300445,"href":"https:\/\/archive.sana.sy\/es\/index.php?rest_route=\/wp\/v2\/posts\/300443\/revisions\/300445"}],"wp:featuredmedia":[{"embeddable":true,"href":"https:\/\/archive.sana.sy\/es\/index.php?rest_route=\/wp\/v2\/media\/300444"}],"wp:attachment":[{"href":"https:\/\/archive.sana.sy\/es\/index.php?rest_route=%2Fwp%2Fv2%2Fmedia&parent=300443"}],"wp:term":[{"taxonomy":"category","embeddable":true,"href":"https:\/\/archive.sana.sy\/es\/index.php?rest_route=%2Fwp%2Fv2%2Fcategories&post=300443"},{"taxonomy":"post_tag","embeddable":true,"href":"https:\/\/archive.sana.sy\/es\/index.php?rest_route=%2Fwp%2Fv2%2Ftags&post=300443"}],"curies":[{"name":"wp","href":"https:\/\/api.w.org\/{rel}","templated":true}]}}