{"id":300467,"date":"2023-06-12T10:38:48","date_gmt":"2023-06-12T07:38:48","guid":{"rendered":"https:\/\/sana.sy\/es\/?p=300467"},"modified":"2023-06-12T14:35:31","modified_gmt":"2023-06-12T11:35:31","slug":"canciller-al-mekdad-visita-sede-de-la-embajada-de-siria-en-riad","status":"publish","type":"post","link":"https:\/\/archive.sana.sy\/es\/?p=300467","title":{"rendered":"Canciller Al-Mekdad visita sede de la Embajada de Siria en Riad"},"content":{"rendered":"<p style=\"text-align: justify;\"><span style=\"color: #800000;\"><strong>Riad, 12 jun (SANA)<\/strong> <\/span>El ministro de Asuntos Exteriores y Expatriados, Faisal Al-Mekdad, y la delegaci\u00f3n que le acompa\u00f1a en su actual visita a Arabia Saudita, estuv\u00ederon en la sede de la Embajada de Siria en Riad, donde se llevan a cabo los preparativos para su reapertura.<\/p>\n<p style=\"text-align: justify;\">La Canciller\u00eda inform\u00f3 en su cuenta en Twitter, que los preparativos van en marcha y abarcan en particular, la reanudaci\u00f3n lo antes posible de los servicios consulares a la comunidad siria en Arabia Saudita&#8221;.<\/p>\n<p style=\"text-align: justify;\">Damasco y Riad anunciaron en mayo \u00faltimo la decisi\u00f3n de la reanudaci\u00f3n del trabajo de las misiones diplom\u00e1ticas, tras 12 a\u00f1os de ruptura.<\/p>\n<div id='gallery-1' class='gallery galleryid-300467 gallery-columns-1 gallery-size-full'><figure class='gallery-item'>\n\t\t\t<div class='gallery-icon landscape'>\n\t\t\t\t<a href='https:\/\/archive.sana.sy\/es\/wp-content\/uploads\/2023\/06\/f1.jpg'><img loading=\"lazy\" decoding=\"async\" width=\"540\" height=\"330\" src=\"https:\/\/archive.sana.sy\/es\/wp-content\/uploads\/2023\/06\/f1.jpg\" class=\"attachment-full size-full\" alt=\"\" srcset=\"https:\/\/archive.sana.sy\/es\/wp-content\/uploads\/2023\/06\/f1.jpg 540w, https:\/\/archive.sana.sy\/es\/wp-content\/uploads\/2023\/06\/f1-300x183.jpg 300w, https:\/\/archive.sana.sy\/es\/wp-content\/uploads\/2023\/06\/f1-150x92.jpg 150w\" sizes=\"(max-width: 540px) 100vw, 540px\" \/><\/a>\n\t\t\t<\/div><\/figure><figure class='gallery-item'>\n\t\t\t<div class='gallery-icon landscape'>\n\t\t\t\t<a href='https:\/\/archive.sana.sy\/es\/wp-content\/uploads\/2023\/06\/f2.jpg'><img loading=\"lazy\" decoding=\"async\" width=\"489\" height=\"330\" src=\"https:\/\/archive.sana.sy\/es\/wp-content\/uploads\/2023\/06\/f2.jpg\" class=\"attachment-full size-full\" alt=\"\" srcset=\"https:\/\/archive.sana.sy\/es\/wp-content\/uploads\/2023\/06\/f2.jpg 489w, https:\/\/archive.sana.sy\/es\/wp-content\/uploads\/2023\/06\/f2-300x202.jpg 300w, https:\/\/archive.sana.sy\/es\/wp-content\/uploads\/2023\/06\/f2-150x101.jpg 150w, https:\/\/archive.sana.sy\/es\/wp-content\/uploads\/2023\/06\/f2-110x75.jpg 110w\" sizes=\"(max-width: 489px) 100vw, 489px\" \/><\/a>\n\t\t\t<\/div><\/figure><figure class='gallery-item'>\n\t\t\t<div class='gallery-icon landscape'>\n\t\t\t\t<a href='https:\/\/archive.sana.sy\/es\/wp-content\/uploads\/2023\/06\/f3.jpg'><img loading=\"lazy\" decoding=\"async\" width=\"524\" height=\"330\" src=\"https:\/\/archive.sana.sy\/es\/wp-content\/uploads\/2023\/06\/f3.jpg\" class=\"attachment-full size-full\" alt=\"\" srcset=\"https:\/\/archive.sana.sy\/es\/wp-content\/uploads\/2023\/06\/f3.jpg 524w, https:\/\/archive.sana.sy\/es\/wp-content\/uploads\/2023\/06\/f3-300x189.jpg 300w, https:\/\/archive.sana.sy\/es\/wp-content\/uploads\/2023\/06\/f3-150x94.jpg 150w\" sizes=\"(max-width: 524px) 100vw, 524px\" \/><\/a>\n\t\t\t<\/div><\/figure>\n\t\t<\/div>\n\n<p style=\"text-align: justify;\">fm\/as<\/p>\n","protected":false},"excerpt":{"rendered":"<p>Riad, 12 jun (SANA) El ministro de Asuntos Exteriores y Expatriados, Faisal Al-Mekdad, y la delegaci\u00f3n que le acompa\u00f1a en su actual visita a Arabia Saudita, estuv\u00ederon en la sede de la Embajada de Siria en Riad, donde se llevan a cabo los preparativos para su reapertura. La Canciller\u00eda inform\u00f3 en su cuenta en Twitter, &hellip;<\/p>\n","protected":false},"author":42,"featured_media":300471,"comment_status":"closed","ping_status":"closed","sticky":false,"template":"","format":"standard","meta":{"footnotes":""},"categories":[447,597,20724,467,7541],"tags":[],"class_list":["post-300467","post","type-post","status-publish","format-standard","has-post-thumbnail","","category-local-politica","category-cinta-de-noticias","category-minuto-a-minuto","category-siria-y-el-mundo","category-ultimas-noticias"],"_links":{"self":[{"href":"https:\/\/archive.sana.sy\/es\/index.php?rest_route=\/wp\/v2\/posts\/300467"}],"collection":[{"href":"https:\/\/archive.sana.sy\/es\/index.php?rest_route=\/wp\/v2\/posts"}],"about":[{"href":"https:\/\/archive.sana.sy\/es\/index.php?rest_route=\/wp\/v2\/types\/post"}],"author":[{"embeddable":true,"href":"https:\/\/archive.sana.sy\/es\/index.php?rest_route=\/wp\/v2\/users\/42"}],"replies":[{"embeddable":true,"href":"https:\/\/archive.sana.sy\/es\/index.php?rest_route=%2Fwp%2Fv2%2Fcomments&post=300467"}],"version-history":[{"count":2,"href":"https:\/\/archive.sana.sy\/es\/index.php?rest_route=\/wp\/v2\/posts\/300467\/revisions"}],"predecessor-version":[{"id":300474,"href":"https:\/\/archive.sana.sy\/es\/index.php?rest_route=\/wp\/v2\/posts\/300467\/revisions\/300474"}],"wp:featuredmedia":[{"embeddable":true,"href":"https:\/\/archive.sana.sy\/es\/index.php?rest_route=\/wp\/v2\/media\/300471"}],"wp:attachment":[{"href":"https:\/\/archive.sana.sy\/es\/index.php?rest_route=%2Fwp%2Fv2%2Fmedia&parent=300467"}],"wp:term":[{"taxonomy":"category","embeddable":true,"href":"https:\/\/archive.sana.sy\/es\/index.php?rest_route=%2Fwp%2Fv2%2Fcategories&post=300467"},{"taxonomy":"post_tag","embeddable":true,"href":"https:\/\/archive.sana.sy\/es\/index.php?rest_route=%2Fwp%2Fv2%2Ftags&post=300467"}],"curies":[{"name":"wp","href":"https:\/\/api.w.org\/{rel}","templated":true}]}}