{"id":300475,"date":"2023-06-12T11:41:45","date_gmt":"2023-06-12T08:41:45","guid":{"rendered":"https:\/\/sana.sy\/es\/?p=300475"},"modified":"2023-06-12T11:41:45","modified_gmt":"2023-06-12T08:41:45","slug":"fallecio-el-exprimer-ministro-de-italia-silvio-berlusconi-a-los-86-anos-de-edad-segun-difundio-hoy-el-periodico-corriere-della-sera","status":"publish","type":"post","link":"https:\/\/archive.sana.sy\/es\/?p=300475","title":{"rendered":"Falleci\u00f3 el exprimer ministro de Italia, Silvio Berlusconi, a los 86 a\u00f1os de edad, seg\u00fan difundi\u00f3 hoy el peri\u00f3dico Corriere della Sera"},"content":{"rendered":"","protected":false},"excerpt":{"rendered":"","protected":false},"author":42,"featured_media":0,"comment_status":"closed","ping_status":"closed","sticky":false,"template":"","format":"standard","meta":{"footnotes":""},"categories":[20724,596],"tags":[],"class_list":["post-300475","post","type-post","status-publish","format-standard","","category-minuto-a-minuto","category-urgente"],"_links":{"self":[{"href":"https:\/\/archive.sana.sy\/es\/index.php?rest_route=\/wp\/v2\/posts\/300475"}],"collection":[{"href":"https:\/\/archive.sana.sy\/es\/index.php?rest_route=\/wp\/v2\/posts"}],"about":[{"href":"https:\/\/archive.sana.sy\/es\/index.php?rest_route=\/wp\/v2\/types\/post"}],"author":[{"embeddable":true,"href":"https:\/\/archive.sana.sy\/es\/index.php?rest_route=\/wp\/v2\/users\/42"}],"replies":[{"embeddable":true,"href":"https:\/\/archive.sana.sy\/es\/index.php?rest_route=%2Fwp%2Fv2%2Fcomments&post=300475"}],"version-history":[{"count":1,"href":"https:\/\/archive.sana.sy\/es\/index.php?rest_route=\/wp\/v2\/posts\/300475\/revisions"}],"predecessor-version":[{"id":300476,"href":"https:\/\/archive.sana.sy\/es\/index.php?rest_route=\/wp\/v2\/posts\/300475\/revisions\/300476"}],"wp:attachment":[{"href":"https:\/\/archive.sana.sy\/es\/index.php?rest_route=%2Fwp%2Fv2%2Fmedia&parent=300475"}],"wp:term":[{"taxonomy":"category","embeddable":true,"href":"https:\/\/archive.sana.sy\/es\/index.php?rest_route=%2Fwp%2Fv2%2Fcategories&post=300475"},{"taxonomy":"post_tag","embeddable":true,"href":"https:\/\/archive.sana.sy\/es\/index.php?rest_route=%2Fwp%2Fv2%2Ftags&post=300475"}],"curies":[{"name":"wp","href":"https:\/\/api.w.org\/{rel}","templated":true}]}}