{"id":300623,"date":"2023-06-13T17:29:46","date_gmt":"2023-06-13T14:29:46","guid":{"rendered":"http:\/\/sana.sy\/es\/?p=300623"},"modified":"2023-06-13T21:35:21","modified_gmt":"2023-06-13T18:35:21","slug":"putin-las-perdidas-de-ucrania-son-catastroficas-y-hemos-destruido-el-30-de-las-armas-suministradas-por-occidente","status":"publish","type":"post","link":"https:\/\/archive.sana.sy\/es\/?p=300623","title":{"rendered":"Putin: las p\u00e9rdidas de Ucrania son catastr\u00f3ficas y hemos destruido el 30 % de las armas suministradas por Occidente"},"content":{"rendered":"<blockquote>\n<p style=\"text-align: justify;\"><span style=\"color: #993300;\">\u201cEn Ucrania, quitan a Lenin de su pedestal y colocan en su lugar al fascista Bandera, elevado a la categor\u00eda de h\u00e9roe nacional\u201d<\/span><\/p>\n<\/blockquote>\n<p style=\"text-align: justify;\"><strong><span style=\"color: #800000;\">Mosc\u00fa, 13 jun (SANA)<\/span><\/strong> Durante su encuentro con varios corresponsales de guerra, el presidente ruso Vladimir Putin dijo que Ucrania perdi\u00f3 160 tanques y m\u00e1s de 360 blindados, lo que representa el 30 por ciento de lo que envi\u00f3 Occidente al r\u00e9gimen de Kiev.<\/p>\n<p style=\"text-align: justify;\">\u201cLas p\u00e9rdidas de Ucrania son catastr\u00f3ficas y nuestras p\u00e9rdidas no superan la d\u00e9cima parte de las p\u00e9rdidas de Kiev, aclar\u00f3 el mandatario.<\/p>\n<p style=\"text-align: justify;\">Revel\u00f3 que los objetivos de la operaci\u00f3n militar especial cambian en funci\u00f3n de la situaci\u00f3n actual, pero en general siguen siendo los mismos.<\/p>\n<p style=\"text-align: justify;\">EL Gobernante denunci\u00f3 que en Ucrania quitan a Lenin de su pedestal y colocan en su lugar al fascista Bandera, elevado a la categor\u00eda de h\u00e9roe nacional.<\/p>\n<p>Rusia desmilitariza a Ucrania de forma gradual y met\u00f3dica, y en Rusia nunca habr\u00e1 nada neonazi, dijo el presidente.<\/p>\n<p>Destac\u00f3 que Rusia no ten\u00eda ning\u00fan inter\u00e9s en destruir la central hidroel\u00e9ctrica de Kajovka, ya que esto traer\u00eda graves consecuencias para las nuevas regiones rusas.<\/p>\n<p style=\"text-align: justify;\">fm\/la<\/p>\n","protected":false},"excerpt":{"rendered":"<p>\u201cEn Ucrania, quitan a Lenin de su pedestal y colocan en su lugar al fascista Bandera, elevado a la categor\u00eda de h\u00e9roe nacional\u201d Mosc\u00fa, 13 jun (SANA) Durante su encuentro con varios corresponsales de guerra, el presidente ruso Vladimir Putin dijo que Ucrania perdi\u00f3 160 tanques y m\u00e1s de 360 blindados, lo que representa el &hellip;<\/p>\n","protected":false},"author":24,"featured_media":300666,"comment_status":"closed","ping_status":"closed","sticky":false,"template":"","format":"standard","meta":{"footnotes":""},"categories":[447,597,456,16687,20724,448,583],"tags":[22160,6695,20357],"class_list":["post-300623","post","type-post","status-publish","format-standard","has-post-thumbnail","","category-local-politica","category-cinta-de-noticias","category-arabe-internacional-politica","category-internacionales","category-minuto-a-minuto","category-noticias","category-slide","tag-blindados","tag-rusia","tag-ucrania"],"_links":{"self":[{"href":"https:\/\/archive.sana.sy\/es\/index.php?rest_route=\/wp\/v2\/posts\/300623"}],"collection":[{"href":"https:\/\/archive.sana.sy\/es\/index.php?rest_route=\/wp\/v2\/posts"}],"about":[{"href":"https:\/\/archive.sana.sy\/es\/index.php?rest_route=\/wp\/v2\/types\/post"}],"author":[{"embeddable":true,"href":"https:\/\/archive.sana.sy\/es\/index.php?rest_route=\/wp\/v2\/users\/24"}],"replies":[{"embeddable":true,"href":"https:\/\/archive.sana.sy\/es\/index.php?rest_route=%2Fwp%2Fv2%2Fcomments&post=300623"}],"version-history":[{"count":3,"href":"https:\/\/archive.sana.sy\/es\/index.php?rest_route=\/wp\/v2\/posts\/300623\/revisions"}],"predecessor-version":[{"id":300663,"href":"https:\/\/archive.sana.sy\/es\/index.php?rest_route=\/wp\/v2\/posts\/300623\/revisions\/300663"}],"wp:featuredmedia":[{"embeddable":true,"href":"https:\/\/archive.sana.sy\/es\/index.php?rest_route=\/wp\/v2\/media\/300666"}],"wp:attachment":[{"href":"https:\/\/archive.sana.sy\/es\/index.php?rest_route=%2Fwp%2Fv2%2Fmedia&parent=300623"}],"wp:term":[{"taxonomy":"category","embeddable":true,"href":"https:\/\/archive.sana.sy\/es\/index.php?rest_route=%2Fwp%2Fv2%2Fcategories&post=300623"},{"taxonomy":"post_tag","embeddable":true,"href":"https:\/\/archive.sana.sy\/es\/index.php?rest_route=%2Fwp%2Fv2%2Ftags&post=300623"}],"curies":[{"name":"wp","href":"https:\/\/api.w.org\/{rel}","templated":true}]}}