{"id":300634,"date":"2023-06-13T16:57:23","date_gmt":"2023-06-13T13:57:23","guid":{"rendered":"http:\/\/sana.sy\/es\/?p=300634"},"modified":"2023-06-13T19:00:45","modified_gmt":"2023-06-13T16:00:45","slug":"siria-participa-en-la-4a-edicion-del-festival-de-cine-arabe-de-casablanca","status":"publish","type":"post","link":"https:\/\/archive.sana.sy\/es\/?p=300634","title":{"rendered":"Siria participa en el Festival de Cine \u00c1rabe de Casablanca"},"content":{"rendered":"<p style=\"text-align: justify\"><span style=\"color: #800000\"><strong>Damasco, 13 jun (SANA)<\/strong><\/span> Siria participa en la 4\u00aa edici\u00f3n del Festival de Cine \u00c1rabe de Casablanca, que se inaugurar\u00e1 el 16 de este junio y durar\u00e1 hasta el 23 del mes actual.<\/p>\n<p style=\"text-align: justify\">La participaci\u00f3n de Siria ser\u00e1 a trav\u00e9s del largometraje \u201cla Jornada de Youssef\u201d por el director Jud Sa\u00edd.<\/p>\n<p style=\"text-align: justify\">El guion habla del viaje de un abuelo que acompa\u00f1a a su nieto en busca de una esperanza perdida y una vida mejor.<\/p>\n<p style=\"text-align: justify\">Es de se\u00f1alar que la cinta siria competir\u00e1 con otras 13 en la categor\u00eda de largometraje, y con 22 en la competencia de cortometrajes y documentales.<\/p>\n<p style=\"text-align: justify\">la<\/p>\n","protected":false},"excerpt":{"rendered":"<p>Damasco, 13 jun (SANA) Siria participa en la 4\u00aa edici\u00f3n del Festival de Cine \u00c1rabe de Casablanca, que se inaugurar\u00e1 el 16 de este junio y durar\u00e1 hasta el 23 del mes actual. La participaci\u00f3n de Siria ser\u00e1 a trav\u00e9s del largometraje \u201cla Jornada de Youssef\u201d por el director Jud Sa\u00edd. El guion habla del &hellip;<\/p>\n","protected":false},"author":24,"featured_media":300635,"comment_status":"closed","ping_status":"closed","sticky":false,"template":"","format":"standard","meta":{"footnotes":""},"categories":[597,510,7541],"tags":[22163,22162,6553],"class_list":["post-300634","post","type-post","status-publish","format-standard","has-post-thumbnail","","category-cinta-de-noticias","category-arte-y-cultura","category-ultimas-noticias","tag-casablanca","tag-festival-de-cine","tag-siria"],"_links":{"self":[{"href":"https:\/\/archive.sana.sy\/es\/index.php?rest_route=\/wp\/v2\/posts\/300634"}],"collection":[{"href":"https:\/\/archive.sana.sy\/es\/index.php?rest_route=\/wp\/v2\/posts"}],"about":[{"href":"https:\/\/archive.sana.sy\/es\/index.php?rest_route=\/wp\/v2\/types\/post"}],"author":[{"embeddable":true,"href":"https:\/\/archive.sana.sy\/es\/index.php?rest_route=\/wp\/v2\/users\/24"}],"replies":[{"embeddable":true,"href":"https:\/\/archive.sana.sy\/es\/index.php?rest_route=%2Fwp%2Fv2%2Fcomments&post=300634"}],"version-history":[{"count":2,"href":"https:\/\/archive.sana.sy\/es\/index.php?rest_route=\/wp\/v2\/posts\/300634\/revisions"}],"predecessor-version":[{"id":300637,"href":"https:\/\/archive.sana.sy\/es\/index.php?rest_route=\/wp\/v2\/posts\/300634\/revisions\/300637"}],"wp:featuredmedia":[{"embeddable":true,"href":"https:\/\/archive.sana.sy\/es\/index.php?rest_route=\/wp\/v2\/media\/300635"}],"wp:attachment":[{"href":"https:\/\/archive.sana.sy\/es\/index.php?rest_route=%2Fwp%2Fv2%2Fmedia&parent=300634"}],"wp:term":[{"taxonomy":"category","embeddable":true,"href":"https:\/\/archive.sana.sy\/es\/index.php?rest_route=%2Fwp%2Fv2%2Fcategories&post=300634"},{"taxonomy":"post_tag","embeddable":true,"href":"https:\/\/archive.sana.sy\/es\/index.php?rest_route=%2Fwp%2Fv2%2Ftags&post=300634"}],"curies":[{"name":"wp","href":"https:\/\/api.w.org\/{rel}","templated":true}]}}