{"id":300671,"date":"2023-06-14T06:06:11","date_gmt":"2023-06-14T03:06:11","guid":{"rendered":"http:\/\/sana.sy\/es\/?p=300671"},"modified":"2023-06-14T06:06:11","modified_gmt":"2023-06-14T03:06:11","slug":"un-soldado-sirio-resulta-gravemente-herido-por-agresion-israeli","status":"publish","type":"post","link":"https:\/\/archive.sana.sy\/es\/?p=300671","title":{"rendered":"Un soldado sirio resulta gravemente herido por agresi\u00f3n israel\u00ed"},"content":{"rendered":"<p style=\"text-align: justify;\"><span style=\"color: #800000;\"><strong>Damasco, 14 jun (SANA)<\/strong><\/span> El Ministerio de Defensa de Siria inform\u00f3 hoy que alrededor de la 01:05 am hora local de este mi\u00e9rcoles, 14 de junio, \u201cIsrael\u201d llev\u00f3 a cabo un ataque a\u00e9reo contra algunas posiciones al suroeste de Damasco, la capital siria.<\/p>\n<p style=\"text-align: justify;\">Por medio de una nota enviada a SANA, el ente castrense aclar\u00f3 que los misiles fueron disparados desde la direcci\u00f3n del Gol\u00e1n sirio ocupado.<\/p>\n<p style=\"text-align: justify;\">Agreg\u00f3 que las defensas a\u00e9reas interceptaron varios proyectiles, mientras el impacto de otros caus\u00f3 lesiones graves a un militar y ocasion\u00f3 algunos da\u00f1os materiales.<\/p>\n<p style=\"text-align: justify;\">fm<\/p>\n","protected":false},"excerpt":{"rendered":"<p>Damasco, 14 jun (SANA) El Ministerio de Defensa de Siria inform\u00f3 hoy que alrededor de la 01:05 am hora local de este mi\u00e9rcoles, 14 de junio, \u201cIsrael\u201d llev\u00f3 a cabo un ataque a\u00e9reo contra algunas posiciones al suroeste de Damasco, la capital siria. Por medio de una nota enviada a SANA, el ente castrense aclar\u00f3 &hellip;<\/p>\n","protected":false},"author":34,"featured_media":291750,"comment_status":"closed","ping_status":"closed","sticky":false,"template":"","format":"standard","meta":{"footnotes":""},"categories":[477,447,597,573,20724,476,583],"tags":[],"class_list":["post-300671","post","type-post","status-publish","format-standard","has-post-thumbnail","","category-noticias-edulcorantes","category-local-politica","category-cinta-de-noticias","category-la-realidad-de-los-acontecimientos-en-siria","category-minuto-a-minuto","category-locales","category-slide"],"_links":{"self":[{"href":"https:\/\/archive.sana.sy\/es\/index.php?rest_route=\/wp\/v2\/posts\/300671"}],"collection":[{"href":"https:\/\/archive.sana.sy\/es\/index.php?rest_route=\/wp\/v2\/posts"}],"about":[{"href":"https:\/\/archive.sana.sy\/es\/index.php?rest_route=\/wp\/v2\/types\/post"}],"author":[{"embeddable":true,"href":"https:\/\/archive.sana.sy\/es\/index.php?rest_route=\/wp\/v2\/users\/34"}],"replies":[{"embeddable":true,"href":"https:\/\/archive.sana.sy\/es\/index.php?rest_route=%2Fwp%2Fv2%2Fcomments&post=300671"}],"version-history":[{"count":1,"href":"https:\/\/archive.sana.sy\/es\/index.php?rest_route=\/wp\/v2\/posts\/300671\/revisions"}],"predecessor-version":[{"id":300672,"href":"https:\/\/archive.sana.sy\/es\/index.php?rest_route=\/wp\/v2\/posts\/300671\/revisions\/300672"}],"wp:featuredmedia":[{"embeddable":true,"href":"https:\/\/archive.sana.sy\/es\/index.php?rest_route=\/wp\/v2\/media\/291750"}],"wp:attachment":[{"href":"https:\/\/archive.sana.sy\/es\/index.php?rest_route=%2Fwp%2Fv2%2Fmedia&parent=300671"}],"wp:term":[{"taxonomy":"category","embeddable":true,"href":"https:\/\/archive.sana.sy\/es\/index.php?rest_route=%2Fwp%2Fv2%2Fcategories&post=300671"},{"taxonomy":"post_tag","embeddable":true,"href":"https:\/\/archive.sana.sy\/es\/index.php?rest_route=%2Fwp%2Fv2%2Ftags&post=300671"}],"curies":[{"name":"wp","href":"https:\/\/api.w.org\/{rel}","templated":true}]}}