{"id":300689,"date":"2023-06-14T13:38:55","date_gmt":"2023-06-14T10:38:55","guid":{"rendered":"http:\/\/sana.sy\/es\/?p=300689"},"modified":"2023-06-14T13:38:55","modified_gmt":"2023-06-14T10:38:55","slug":"china-assange-no-debe-ser-juzgado-sino-eeuu-que-espia-y-roba-secretos-de-paises","status":"publish","type":"post","link":"https:\/\/archive.sana.sy\/es\/?p=300689","title":{"rendered":"China: Assange no debe ser juzgado sino EEUU que esp\u00eda y roba secretos de pa\u00edses"},"content":{"rendered":"<p style=\"text-align: justify;\"><span style=\"color: #800000;\"><strong>Pek\u00edn, 14 jun (SANA)<\/strong> <\/span>El portavoz de la Canciller\u00eda china, Wang Wenbin, dijo hoy que su pa\u00eds considera que el fundador de WikiLeaks, Julian Assange, no deber\u00eda afrontar acusaciones por revelar la verdad al mundo.<\/p>\n<p style=\"text-align: justify;\">&#8220;No es Julian Assange quien debe ser juzgado por decir la verdad a la gente, sino el imperio &#8216;hacker&#8217; que esp\u00eda y roba indiscriminadamente secretos de pa\u00edses de todo el mundo y utiliza todos los medios posibles para encubrir las fechor\u00edas que ha cometido&#8221;, afirm\u00f3 el vocero, citado por RT, en referencia a EE.UU.<\/p>\n<p style=\"text-align: justify;\">A pesar del apoyo a nivel internacional, la Justicia brit\u00e1nica aprob\u00f3 la extradici\u00f3n de Assange a EE.UU., decisi\u00f3n que fue validada por el Gobierno del Reino Unido.<\/p>\n<p style=\"text-align: justify;\">FM\/AS<\/p>\n","protected":false},"excerpt":{"rendered":"<p>Pek\u00edn, 14 jun (SANA) El portavoz de la Canciller\u00eda china, Wang Wenbin, dijo hoy que su pa\u00eds considera que el fundador de WikiLeaks, Julian Assange, no deber\u00eda afrontar acusaciones por revelar la verdad al mundo. &#8220;No es Julian Assange quien debe ser juzgado por decir la verdad a la gente, sino el imperio &#8216;hacker&#8217; que &hellip;<\/p>\n","protected":false},"author":42,"featured_media":300690,"comment_status":"closed","ping_status":"closed","sticky":false,"template":"","format":"standard","meta":{"footnotes":""},"categories":[597,456,16687,20724,7541],"tags":[],"class_list":["post-300689","post","type-post","status-publish","format-standard","has-post-thumbnail","","category-cinta-de-noticias","category-arabe-internacional-politica","category-internacionales","category-minuto-a-minuto","category-ultimas-noticias"],"_links":{"self":[{"href":"https:\/\/archive.sana.sy\/es\/index.php?rest_route=\/wp\/v2\/posts\/300689"}],"collection":[{"href":"https:\/\/archive.sana.sy\/es\/index.php?rest_route=\/wp\/v2\/posts"}],"about":[{"href":"https:\/\/archive.sana.sy\/es\/index.php?rest_route=\/wp\/v2\/types\/post"}],"author":[{"embeddable":true,"href":"https:\/\/archive.sana.sy\/es\/index.php?rest_route=\/wp\/v2\/users\/42"}],"replies":[{"embeddable":true,"href":"https:\/\/archive.sana.sy\/es\/index.php?rest_route=%2Fwp%2Fv2%2Fcomments&post=300689"}],"version-history":[{"count":1,"href":"https:\/\/archive.sana.sy\/es\/index.php?rest_route=\/wp\/v2\/posts\/300689\/revisions"}],"predecessor-version":[{"id":300691,"href":"https:\/\/archive.sana.sy\/es\/index.php?rest_route=\/wp\/v2\/posts\/300689\/revisions\/300691"}],"wp:featuredmedia":[{"embeddable":true,"href":"https:\/\/archive.sana.sy\/es\/index.php?rest_route=\/wp\/v2\/media\/300690"}],"wp:attachment":[{"href":"https:\/\/archive.sana.sy\/es\/index.php?rest_route=%2Fwp%2Fv2%2Fmedia&parent=300689"}],"wp:term":[{"taxonomy":"category","embeddable":true,"href":"https:\/\/archive.sana.sy\/es\/index.php?rest_route=%2Fwp%2Fv2%2Fcategories&post=300689"},{"taxonomy":"post_tag","embeddable":true,"href":"https:\/\/archive.sana.sy\/es\/index.php?rest_route=%2Fwp%2Fv2%2Ftags&post=300689"}],"curies":[{"name":"wp","href":"https:\/\/api.w.org\/{rel}","templated":true}]}}