{"id":300695,"date":"2023-06-14T14:03:33","date_gmt":"2023-06-14T11:03:33","guid":{"rendered":"http:\/\/sana.sy\/es\/?p=300695"},"modified":"2023-06-14T14:03:33","modified_gmt":"2023-06-14T11:03:33","slug":"siria-analiza-con-iraq-y-jordania-la-cooperacion-en-proteccion-social-y-transformacion-digital","status":"publish","type":"post","link":"https:\/\/archive.sana.sy\/es\/?p=300695","title":{"rendered":"Siria analiza con Iraq y Jordania la cooperaci\u00f3n en protecci\u00f3n social y transformaci\u00f3n digital"},"content":{"rendered":"<p style=\"text-align: justify;\"><strong><span style=\"color: #800000;\">Ginebra, 14 jun (SANA)\u00a0<\/span> \u00a0<\/strong>En el marco de la 111\u00aa sesi\u00f3n de la Conferencia Internacional del Trabajo celebrada en Ginebra, Siria examin\u00f3 con Iraq, Jordania y la Organizaci\u00f3n Internacional del Trabajo (OIT) los medios de cooperaci\u00f3n en el \u00e1mbito de la protecci\u00f3n social y la transformaci\u00f3n digital.<\/p>\n<p style=\"text-align: justify;\">Eso se produjo durante reuniones sostenidas entre el ministro adjunto de Asuntos Sociales y Trabajo, Mohammad Firas Nabhan, el ministro de Asuntos Sociales de Iraq, el director de Relaciones Laborales del Ministerio de Trabajo de Jordania y el director regional de la OIT para los Estados \u00c1rabes.<\/p>\n<p style=\"text-align: justify;\">Los campos de formaci\u00f3n e intercambio de conocimientos para mejorar las capacidades de los trabajadores en las \u00e1reas de las redes de protecci\u00f3n social y el sistema del mercado laboral para lograr la transformaci\u00f3n digital, centraron las conversaciones sostenidas entre Nabhan y la directora regional de la OIT, Ruba Jaradat.<\/p>\n<p style=\"text-align: justify;\">Jaradat afirm\u00f3 la disposici\u00f3n de impulsar los dominios de cooperaci\u00f3n con el Ministerio a trav\u00e9s de programas que servir\u00edan a todas las partes del proceso de producci\u00f3n en Siria.<\/p>\n<p style=\"text-align: justify;\">Asimismo, el Viceministro subray\u00f3 durante su reuni\u00f3n con el ministro de Asuntos Sociales iraqu\u00ed, Ahmed Jassim Al-Asadi, y el director de Relaciones Laborales de Jordania, Adnan al-Dahamsheh, la importancia de la cooperaci\u00f3n en t\u00e9rminos de organizaci\u00f3n de los asuntos relacionados con los trabajadores expatriados entre Siria e Irak.<\/p>\n<p style=\"text-align: justify;\">ed\/fm<\/p>\n","protected":false},"excerpt":{"rendered":"<p>Ginebra, 14 jun (SANA)\u00a0 \u00a0En el marco de la 111\u00aa sesi\u00f3n de la Conferencia Internacional del Trabajo celebrada en Ginebra, Siria examin\u00f3 con Iraq, Jordania y la Organizaci\u00f3n Internacional del Trabajo (OIT) los medios de cooperaci\u00f3n en el \u00e1mbito de la protecci\u00f3n social y la transformaci\u00f3n digital. Eso se produjo durante reuniones sostenidas entre el &hellip;<\/p>\n","protected":false},"author":32,"featured_media":300696,"comment_status":"closed","ping_status":"closed","sticky":false,"template":"","format":"standard","meta":{"footnotes":""},"categories":[597,467,7541],"tags":[],"class_list":["post-300695","post","type-post","status-publish","format-standard","has-post-thumbnail","","category-cinta-de-noticias","category-siria-y-el-mundo","category-ultimas-noticias"],"_links":{"self":[{"href":"https:\/\/archive.sana.sy\/es\/index.php?rest_route=\/wp\/v2\/posts\/300695"}],"collection":[{"href":"https:\/\/archive.sana.sy\/es\/index.php?rest_route=\/wp\/v2\/posts"}],"about":[{"href":"https:\/\/archive.sana.sy\/es\/index.php?rest_route=\/wp\/v2\/types\/post"}],"author":[{"embeddable":true,"href":"https:\/\/archive.sana.sy\/es\/index.php?rest_route=\/wp\/v2\/users\/32"}],"replies":[{"embeddable":true,"href":"https:\/\/archive.sana.sy\/es\/index.php?rest_route=%2Fwp%2Fv2%2Fcomments&post=300695"}],"version-history":[{"count":1,"href":"https:\/\/archive.sana.sy\/es\/index.php?rest_route=\/wp\/v2\/posts\/300695\/revisions"}],"predecessor-version":[{"id":300697,"href":"https:\/\/archive.sana.sy\/es\/index.php?rest_route=\/wp\/v2\/posts\/300695\/revisions\/300697"}],"wp:featuredmedia":[{"embeddable":true,"href":"https:\/\/archive.sana.sy\/es\/index.php?rest_route=\/wp\/v2\/media\/300696"}],"wp:attachment":[{"href":"https:\/\/archive.sana.sy\/es\/index.php?rest_route=%2Fwp%2Fv2%2Fmedia&parent=300695"}],"wp:term":[{"taxonomy":"category","embeddable":true,"href":"https:\/\/archive.sana.sy\/es\/index.php?rest_route=%2Fwp%2Fv2%2Fcategories&post=300695"},{"taxonomy":"post_tag","embeddable":true,"href":"https:\/\/archive.sana.sy\/es\/index.php?rest_route=%2Fwp%2Fv2%2Ftags&post=300695"}],"curies":[{"name":"wp","href":"https:\/\/api.w.org\/{rel}","templated":true}]}}