{"id":300741,"date":"2023-06-14T18:36:59","date_gmt":"2023-06-14T15:36:59","guid":{"rendered":"http:\/\/sana.sy\/es\/?p=300741"},"modified":"2023-06-14T18:37:09","modified_gmt":"2023-06-14T15:37:09","slug":"cuba-reitera-su-rechazo-a-los-intentos-occidentales-de-imponer-la-rusofobia-en-el-mundo","status":"publish","type":"post","link":"https:\/\/archive.sana.sy\/es\/?p=300741","title":{"rendered":"Cuba reitera su rechazo a los intentos occidentales de imponer la rusofobia en el mundo"},"content":{"rendered":"<p style=\"text-align: justify\"><strong><span style=\"color: #800000\">Mosc\u00fa, 14 jun (SANA)<\/span><\/strong> El primer ministro de Cuba, Manuel Marrero, conden\u00f3 el uso de sanciones por parte de Occidente contra Rusia y destac\u00f3 que estas medidas coercitivas no han logrado destruir la econom\u00eda rusa.<\/p>\n<p style=\"text-align: justify\">El alto funcionario cubano hizo esta postura durante su encuentro hoy con el presidente de la Federaci\u00f3n Rusa, Vladimir Putin, en Mosc\u00fa.<\/p>\n<p style=\"text-align: justify\">\u201cMe gustar\u00eda reiterar la firme posici\u00f3n de Cuba contra las sanciones occidentales unilaterales contra su pa\u00eds. Nos oponemos a los intentos occidentales de aislar a Rusia en los organismos internacionales e imponer la rusofobia en el mundo\u201d, reiter\u00f3 Marreo al mandatario ruso.<\/p>\n<p style=\"text-align: justify\">&#8220;Occidente no logr\u00f3 quebrantar a Rusia con estas medidas. Vemos calma en las calles, gente feliz y una econom\u00eda que funciona, y aquello demuestra la fortaleza del pa\u00eds&#8221;.<\/p>\n<p style=\"text-align: justify\">la<\/p>\n","protected":false},"excerpt":{"rendered":"<p>Mosc\u00fa, 14 jun (SANA) El primer ministro de Cuba, Manuel Marrero, conden\u00f3 el uso de sanciones por parte de Occidente contra Rusia y destac\u00f3 que estas medidas coercitivas no han logrado destruir la econom\u00eda rusa. El alto funcionario cubano hizo esta postura durante su encuentro hoy con el presidente de la Federaci\u00f3n Rusa, Vladimir Putin, &hellip;<\/p>\n","protected":false},"author":24,"featured_media":300742,"comment_status":"closed","ping_status":"closed","sticky":false,"template":"","format":"standard","meta":{"footnotes":""},"categories":[597,456,16687,20724],"tags":[6868,6695,22170],"class_list":["post-300741","post","type-post","status-publish","format-standard","has-post-thumbnail","","category-cinta-de-noticias","category-arabe-internacional-politica","category-internacionales","category-minuto-a-minuto","tag-cuba","tag-rusia","tag-unidos-contra-las-sanciones"],"_links":{"self":[{"href":"https:\/\/archive.sana.sy\/es\/index.php?rest_route=\/wp\/v2\/posts\/300741"}],"collection":[{"href":"https:\/\/archive.sana.sy\/es\/index.php?rest_route=\/wp\/v2\/posts"}],"about":[{"href":"https:\/\/archive.sana.sy\/es\/index.php?rest_route=\/wp\/v2\/types\/post"}],"author":[{"embeddable":true,"href":"https:\/\/archive.sana.sy\/es\/index.php?rest_route=\/wp\/v2\/users\/24"}],"replies":[{"embeddable":true,"href":"https:\/\/archive.sana.sy\/es\/index.php?rest_route=%2Fwp%2Fv2%2Fcomments&post=300741"}],"version-history":[{"count":2,"href":"https:\/\/archive.sana.sy\/es\/index.php?rest_route=\/wp\/v2\/posts\/300741\/revisions"}],"predecessor-version":[{"id":300744,"href":"https:\/\/archive.sana.sy\/es\/index.php?rest_route=\/wp\/v2\/posts\/300741\/revisions\/300744"}],"wp:featuredmedia":[{"embeddable":true,"href":"https:\/\/archive.sana.sy\/es\/index.php?rest_route=\/wp\/v2\/media\/300742"}],"wp:attachment":[{"href":"https:\/\/archive.sana.sy\/es\/index.php?rest_route=%2Fwp%2Fv2%2Fmedia&parent=300741"}],"wp:term":[{"taxonomy":"category","embeddable":true,"href":"https:\/\/archive.sana.sy\/es\/index.php?rest_route=%2Fwp%2Fv2%2Fcategories&post=300741"},{"taxonomy":"post_tag","embeddable":true,"href":"https:\/\/archive.sana.sy\/es\/index.php?rest_route=%2Fwp%2Fv2%2Ftags&post=300741"}],"curies":[{"name":"wp","href":"https:\/\/api.w.org\/{rel}","templated":true}]}}