{"id":30080,"date":"2015-09-16T15:51:05","date_gmt":"2015-09-16T12:51:05","guid":{"rendered":"http:\/\/sana.sy\/es\/?p=30080"},"modified":"2015-09-17T14:24:16","modified_gmt":"2015-09-17T11:24:16","slug":"damasco-denuncia-ante-la-onu-ataques-terroristas-contra-ciudad-de-alepo","status":"publish","type":"post","link":"https:\/\/archive.sana.sy\/es\/?p=30080","title":{"rendered":"Damasco denuncia ante la ONU ataques terroristas contra ciudad de Alepo"},"content":{"rendered":"<p><span style=\"color: #800000\">Damasco, SANA<\/span><\/p>\n<p>El ministerio de Exteriores y Expatriados denunci\u00f3 ante las Naciones Unidas los ataques de los grupos terroristas contra la ciudad de Alepo.<\/p>\n<p>En dos cartas que dirigi\u00f3 al presidente del Consejo de Seguridad y al Secretario General de las Naciones Unidas, canciller\u00eda explic\u00f3 sobre los ataques perpetrados por las organizaciones terroristas contra la ciudad de Alepo y que causaron la muerte de decenas de civiles a muerte y lesiones de decenas de ciudadanos.<\/p>\n<p>En las cartas, Canciller\u00eda denunci\u00f3 que los grupos terroristas takfiristas bombardearon el d\u00eda 15 de septiembre, con cohetes y proyectiles de mortero a los barrios residenciales de la ciudad de Alepo, causando la muerte de al menos 31 civiles, entre ellos 13 ni\u00f1os, 3 mujeres y 15 hombres y ancianos, y heridas a otras 135 civiles, en su mayor\u00eda son ni\u00f1os y mujeres, adem\u00e1s de provocar da\u00f1os materiales en las propiedades p\u00fablicas y privadas.<\/p>\n<p>Asimismo, denunci\u00f3 que el involucramiento del r\u00e9gimen del presidente turco Recep Tayeb Erdogan en el apoyo a los grupos terroristas en particular, al &#8220;Ej\u00e9rcito de Conquista&#8221; y el &#8220;Movimiento de Libres del Levante&#8221;, que atacan con todos tipos de armas a los barrios residenciales de la ciudad de Alepo, dejando a cientos de civiles entre muertos o heridos.<\/p>\n<p>En sus cartas, el Ministerio de Exteriores asegur\u00f3 que Siria pide al Consejo de Seguridad una vez m\u00e1s, tomar medidas de disuasi\u00f3n contra las organizaciones terroristas y en contra de los pa\u00edses que los apoyan, patrocinan y financian, y alejarse del doble rasero al tratar con el tema del terrorismo y no ocultarse detr\u00e1s de excusas y argumentos obsoletos.<\/p>\n<p>El ministerio concluy\u00f3 sus cartas diciendo que Siria reafirma la importancia de que las Naciones Unidas adopte un enfoque global de la lucha contra el terrorismo de acuerdo con el derecho internacional y la Carta de las Naciones Unidas, y fuera de las interpretaciones y explicaciones utilizadas recientemente por algunos pa\u00edses, como el Reino Unido, Estados Unidos, Francia, Australia y B\u00e9lgica que violan la Carta de la ONU y justifique la falta de seriedad en la lucha contra el terrorismo y sus violaciones de la soberan\u00eda de las naciones y de evadir sus responsabilidades.<\/p>\n<p>&nbsp;<\/p>\n<p><span style=\"color: #00ccff\">Fady M., Hala B.<\/span><\/p>\n","protected":false},"excerpt":{"rendered":"<p>Damasco, SANA El ministerio de Exteriores y Expatriados denunci\u00f3 ante las Naciones Unidas los ataques de los grupos terroristas contra la ciudad de Alepo. En dos cartas que dirigi\u00f3 al presidente del Consejo de Seguridad y al Secretario General de las Naciones Unidas, canciller\u00eda explic\u00f3 sobre los ataques perpetrados por las organizaciones terroristas contra la &hellip;<\/p>\n","protected":false},"author":1,"featured_media":15882,"comment_status":"closed","ping_status":"closed","sticky":false,"template":"","format":"standard","meta":{"footnotes":""},"categories":[477,597,476],"tags":[6669],"class_list":["post-30080","post","type-post","status-publish","format-standard","has-post-thumbnail","","category-noticias-edulcorantes","category-cinta-de-noticias","category-locales","tag-damasco-denuncia-ante-la-onu-ataques-terroristas-contra-ciudad-de-alepo"],"_links":{"self":[{"href":"https:\/\/archive.sana.sy\/es\/index.php?rest_route=\/wp\/v2\/posts\/30080"}],"collection":[{"href":"https:\/\/archive.sana.sy\/es\/index.php?rest_route=\/wp\/v2\/posts"}],"about":[{"href":"https:\/\/archive.sana.sy\/es\/index.php?rest_route=\/wp\/v2\/types\/post"}],"author":[{"embeddable":true,"href":"https:\/\/archive.sana.sy\/es\/index.php?rest_route=\/wp\/v2\/users\/1"}],"replies":[{"embeddable":true,"href":"https:\/\/archive.sana.sy\/es\/index.php?rest_route=%2Fwp%2Fv2%2Fcomments&post=30080"}],"version-history":[{"count":0,"href":"https:\/\/archive.sana.sy\/es\/index.php?rest_route=\/wp\/v2\/posts\/30080\/revisions"}],"wp:featuredmedia":[{"embeddable":true,"href":"https:\/\/archive.sana.sy\/es\/index.php?rest_route=\/wp\/v2\/media\/15882"}],"wp:attachment":[{"href":"https:\/\/archive.sana.sy\/es\/index.php?rest_route=%2Fwp%2Fv2%2Fmedia&parent=30080"}],"wp:term":[{"taxonomy":"category","embeddable":true,"href":"https:\/\/archive.sana.sy\/es\/index.php?rest_route=%2Fwp%2Fv2%2Fcategories&post=30080"},{"taxonomy":"post_tag","embeddable":true,"href":"https:\/\/archive.sana.sy\/es\/index.php?rest_route=%2Fwp%2Fv2%2Ftags&post=30080"}],"curies":[{"name":"wp","href":"https:\/\/api.w.org\/{rel}","templated":true}]}}