{"id":30092,"date":"2015-09-16T17:28:27","date_gmt":"2015-09-16T14:28:27","guid":{"rendered":"http:\/\/sana.sy\/es\/?p=30092"},"modified":"2015-09-16T17:28:27","modified_gmt":"2015-09-16T14:28:27","slug":"siria-busca-beneficiar-de-experiencia-de-sudafrica-en-materia-del-transporte-y-reconciliacion-nacional","status":"publish","type":"post","link":"https:\/\/archive.sana.sy\/es\/?p=30092","title":{"rendered":"Siria busca beneficiar de experiencia de Sud\u00e1frica en materia del transporte y reconciliaci\u00f3n nacional"},"content":{"rendered":"<p><span style=\"color: #800000\">Damasco, SANA<\/span><\/p>\n<p>El ministro de Transporte, Ghazwan Kheir Beik debati\u00f3 este mi\u00e9rcoles con el embajador de Sud\u00e1frica en Damasco, Shaun Byneveldt las v\u00edas de beneficiar de la experiencia sudafricana en los \u00e1mbitos del transporte mar\u00edtimo y ferroviario.<\/p>\n<p>El ministro Kheir Beik destac\u00f3 la importancia de la cooperaci\u00f3n entre los dos pa\u00edses en todos los asuntos\u00a0relacionados con el grupo BRICS y su banco.<\/p>\n<p>A su vez, Byneveldt expres\u00f3 la disposici\u00f3n de su pa\u00eds para impulsar la cooperaci\u00f3n bilateral en todos los \u00e1mbitos, especialmente los econ\u00f3micos y los relacionados con la reconstrucci\u00f3n del pa\u00eds.<\/p>\n<p>Anteriormente, el ministro del Estado para Asuntos de Reconciliaci\u00f3n Nacional, Ali Haidar se reuni\u00f3 tambi\u00e9n con el jefe de la misi\u00f3n diplom\u00e1tica de Sud\u00e1frica en Damasco.<\/p>\n<p>El ministro sirio agradeci\u00f3 a Sud\u00e1frica por su apoyo al pueblo sirio en su lucha contra el terrorismo.<\/p>\n<p>Ambas partes acordaron conmemorar el aniversario del fallecimiento del l\u00edder Nelson Mandela y homenajear su trascendente papel en la realizaci\u00f3n de reconciliaciones locales en Sud\u00e1frica.<\/p>\n<p>&nbsp;<\/p>\n<p>&nbsp;<\/p>\n<p>Lynn A.<\/p>\n","protected":false},"excerpt":{"rendered":"<p>Damasco, SANA El ministro de Transporte, Ghazwan Kheir Beik debati\u00f3 este mi\u00e9rcoles con el embajador de Sud\u00e1frica en Damasco, Shaun Byneveldt las v\u00edas de beneficiar de la experiencia sudafricana en los \u00e1mbitos del transporte mar\u00edtimo y ferroviario. El ministro Kheir Beik destac\u00f3 la importancia de la cooperaci\u00f3n entre los dos pa\u00edses en todos los asuntos\u00a0relacionados &hellip;<\/p>\n","protected":false},"author":24,"featured_media":30093,"comment_status":"closed","ping_status":"closed","sticky":false,"template":"","format":"standard","meta":{"footnotes":""},"categories":[477,476],"tags":[],"class_list":["post-30092","post","type-post","status-publish","format-standard","has-post-thumbnail","","category-noticias-edulcorantes","category-locales"],"_links":{"self":[{"href":"https:\/\/archive.sana.sy\/es\/index.php?rest_route=\/wp\/v2\/posts\/30092"}],"collection":[{"href":"https:\/\/archive.sana.sy\/es\/index.php?rest_route=\/wp\/v2\/posts"}],"about":[{"href":"https:\/\/archive.sana.sy\/es\/index.php?rest_route=\/wp\/v2\/types\/post"}],"author":[{"embeddable":true,"href":"https:\/\/archive.sana.sy\/es\/index.php?rest_route=\/wp\/v2\/users\/24"}],"replies":[{"embeddable":true,"href":"https:\/\/archive.sana.sy\/es\/index.php?rest_route=%2Fwp%2Fv2%2Fcomments&post=30092"}],"version-history":[{"count":0,"href":"https:\/\/archive.sana.sy\/es\/index.php?rest_route=\/wp\/v2\/posts\/30092\/revisions"}],"wp:featuredmedia":[{"embeddable":true,"href":"https:\/\/archive.sana.sy\/es\/index.php?rest_route=\/wp\/v2\/media\/30093"}],"wp:attachment":[{"href":"https:\/\/archive.sana.sy\/es\/index.php?rest_route=%2Fwp%2Fv2%2Fmedia&parent=30092"}],"wp:term":[{"taxonomy":"category","embeddable":true,"href":"https:\/\/archive.sana.sy\/es\/index.php?rest_route=%2Fwp%2Fv2%2Fcategories&post=30092"},{"taxonomy":"post_tag","embeddable":true,"href":"https:\/\/archive.sana.sy\/es\/index.php?rest_route=%2Fwp%2Fv2%2Ftags&post=30092"}],"curies":[{"name":"wp","href":"https:\/\/api.w.org\/{rel}","templated":true}]}}