{"id":300947,"date":"2023-06-16T13:38:46","date_gmt":"2023-06-16T10:38:46","guid":{"rendered":"http:\/\/sana.sy\/es\/?p=300947"},"modified":"2023-06-16T13:38:46","modified_gmt":"2023-06-16T10:38:46","slug":"los-intentos-de-aislar-economicamente-a-rusia-fracasaron-afirma-portavoz-del-kremlin","status":"publish","type":"post","link":"https:\/\/archive.sana.sy\/es\/?p=300947","title":{"rendered":"Los intentos de aislar econ\u00f3micamente a Rusia fracasaron, afirma portavoz del Kremlin"},"content":{"rendered":"<p style=\"text-align: justify;\"><span style=\"color: #800000;\"><strong>Mosc\u00fa, 16 jun (SANA)<\/strong><\/span> El portavoz de la Presidencia rusa, Dmitry Peskov, afirm\u00f3 hoy que los intentos de aislar econ\u00f3micamente a Rusia por parte de los pa\u00edses occidentales fracasaron.<\/p>\n<p style=\"text-align: justify;\">\u201cSin duda, no estamos en aislamiento econ\u00f3mico. No puede haber un vac\u00edo en el \u00e1mbito econ\u00f3mico, ya que si se cierran algunas v\u00edas, otras se abrir\u00e1n autom\u00e1ticamente y se volver\u00e1n m\u00e1s rentables y beneficiosas\u201d, declar\u00f3 Peskov citado por Novosti.<\/p>\n<p style=\"text-align: justify;\">Los pa\u00edses occidentales han impuesto sanciones contra Rusia desde el inicio de la operaci\u00f3n militar en Donb\u00e1s el pasado febrero, sin embargo, estas sanciones han tenido un impacto negativo, especialmente en los propios pa\u00edses que las han impuesto.<\/p>\n<p style=\"text-align: justify;\"><em><strong>ah\/sm<\/strong><\/em><\/p>\n","protected":false},"excerpt":{"rendered":"<p>Mosc\u00fa, 16 jun (SANA) El portavoz de la Presidencia rusa, Dmitry Peskov, afirm\u00f3 hoy que los intentos de aislar econ\u00f3micamente a Rusia por parte de los pa\u00edses occidentales fracasaron. \u201cSin duda, no estamos en aislamiento econ\u00f3mico. No puede haber un vac\u00edo en el \u00e1mbito econ\u00f3mico, ya que si se cierran algunas v\u00edas, otras se abrir\u00e1n &hellip;<\/p>\n","protected":false},"author":30,"featured_media":300948,"comment_status":"closed","ping_status":"closed","sticky":false,"template":"","format":"standard","meta":{"footnotes":""},"categories":[456,16687,20724],"tags":[],"class_list":["post-300947","post","type-post","status-publish","format-standard","has-post-thumbnail","","category-arabe-internacional-politica","category-internacionales","category-minuto-a-minuto"],"_links":{"self":[{"href":"https:\/\/archive.sana.sy\/es\/index.php?rest_route=\/wp\/v2\/posts\/300947"}],"collection":[{"href":"https:\/\/archive.sana.sy\/es\/index.php?rest_route=\/wp\/v2\/posts"}],"about":[{"href":"https:\/\/archive.sana.sy\/es\/index.php?rest_route=\/wp\/v2\/types\/post"}],"author":[{"embeddable":true,"href":"https:\/\/archive.sana.sy\/es\/index.php?rest_route=\/wp\/v2\/users\/30"}],"replies":[{"embeddable":true,"href":"https:\/\/archive.sana.sy\/es\/index.php?rest_route=%2Fwp%2Fv2%2Fcomments&post=300947"}],"version-history":[{"count":1,"href":"https:\/\/archive.sana.sy\/es\/index.php?rest_route=\/wp\/v2\/posts\/300947\/revisions"}],"predecessor-version":[{"id":300949,"href":"https:\/\/archive.sana.sy\/es\/index.php?rest_route=\/wp\/v2\/posts\/300947\/revisions\/300949"}],"wp:featuredmedia":[{"embeddable":true,"href":"https:\/\/archive.sana.sy\/es\/index.php?rest_route=\/wp\/v2\/media\/300948"}],"wp:attachment":[{"href":"https:\/\/archive.sana.sy\/es\/index.php?rest_route=%2Fwp%2Fv2%2Fmedia&parent=300947"}],"wp:term":[{"taxonomy":"category","embeddable":true,"href":"https:\/\/archive.sana.sy\/es\/index.php?rest_route=%2Fwp%2Fv2%2Fcategories&post=300947"},{"taxonomy":"post_tag","embeddable":true,"href":"https:\/\/archive.sana.sy\/es\/index.php?rest_route=%2Fwp%2Fv2%2Ftags&post=300947"}],"curies":[{"name":"wp","href":"https:\/\/api.w.org\/{rel}","templated":true}]}}