{"id":301081,"date":"2023-06-17T18:05:50","date_gmt":"2023-06-17T15:05:50","guid":{"rendered":"http:\/\/sana.sy\/es\/?p=301081"},"modified":"2023-06-17T18:15:48","modified_gmt":"2023-06-17T15:15:48","slug":"siria-rechaza-politicas-de-la-eu-no-lograran-mediante-la-politica-lo-que-fracasaron-en-obtener-en-el-terreno-militar","status":"publish","type":"post","link":"https:\/\/archive.sana.sy\/es\/?p=301081","title":{"rendered":"Siria rechaza pol\u00edticas de la UE: No lograr\u00e1n mediante la pol\u00edtica lo que fracasaron en obtener en el terreno militar"},"content":{"rendered":"<blockquote>\n<p style=\"text-align: justify;\"><span style=\"color: #993300;\">Seg\u00fan el comunicado, Siria resisti\u00f3 a los mercenarios y terroristas, y est\u00e1 decidida hoy a trabajar con sus hermanos \u00e1rabes, amigos y todas las buenas fuerzas del mundo para consolidar sus victorias y superar las consecuencias del bloqueo econ\u00f3mico sobre ella.<\/span><\/p>\n<\/blockquote>\n<p style=\"text-align: justify;\"><span style=\"color: #800000;\"><strong>Damasco, 17 jun (SANA)\u00a0<\/strong><\/span> \u00a0El Ministerio de Asuntos Exteriores de Siria rechaz\u00f3 hoy la conferencia reci\u00e9n celebrada en la sede de la Uni\u00f3n Europea (UE) en Bruselas, dedicada principalmente a Siria.<\/p>\n<p style=\"text-align: justify;\">La UE opt\u00f3 por excluir al Estado sirio de esta cita para evitar que sean desenmascaradas los objetivos y pol\u00edticas de este bloque como las inhumanas e inmorales medidas coercitivas unilaterales impuestas al pueblo sirio por Estados Unidos y la UE, denunci\u00f3 la Canciller\u00eda por medio de una declaraci\u00f3n.<\/p>\n<p style=\"text-align: justify;\">Explic\u00f3 que los organizadores de esta reuni\u00f3n invitaron solo a sus lacayos corruptos aliados con el Daesh, el Frente Al-Nousra y otras organizaciones terroristas que se oponen a la voluntad del pueblo sirio y sus intereses vitales.<\/p>\n<p style=\"text-align: justify;\">\u201c\u00c9stos exigieron que no se permitiera el regreso de los refugiados a su patria y que no se brindara ayuda humanitaria a las v\u00edctimas del terrorismo y el terremoto\u201d, denunci\u00f3.<\/p>\n<p style=\"text-align: justify;\">La nota agreg\u00f3 que Siria logr\u00f3 frustrar los objetivos de la guerra terrorista y los intentos de injerencia en sus asuntos internos, y tambi\u00e9n har\u00e1 fracasar las acciones encaminadas a socavar sus posiciones.<\/p>\n<p style=\"text-align: justify;\">\u201cNo lograr\u00e1n mediante la pol\u00edtica lo que fracasaron en obtener en el terreno de batalla\u201d, asegur\u00f3.<\/p>\n<p style=\"text-align: justify;\">Seg\u00fan el comunicado, Siria resisti\u00f3 a los mercenarios y terroristas, y est\u00e1 decidida hoy a trabajar con sus hermanos \u00e1rabes, amigos y todas las buenas fuerzas del mundo para consolidar sus victorias y superar las consecuencias del bloqueo econ\u00f3mico sobre ella.<\/p>\n<p style=\"text-align: justify;\">fm\/rr<\/p>\n","protected":false},"excerpt":{"rendered":"<p>Seg\u00fan el comunicado, Siria resisti\u00f3 a los mercenarios y terroristas, y est\u00e1 decidida hoy a trabajar con sus hermanos \u00e1rabes, amigos y todas las buenas fuerzas del mundo para consolidar sus victorias y superar las consecuencias del bloqueo econ\u00f3mico sobre ella. Damasco, 17 jun (SANA)\u00a0 \u00a0El Ministerio de Asuntos Exteriores de Siria rechaz\u00f3 hoy la &hellip;<\/p>\n","protected":false},"author":31,"featured_media":301082,"comment_status":"closed","ping_status":"closed","sticky":false,"template":"","format":"standard","meta":{"footnotes":""},"categories":[477,597,476,583],"tags":[20025,6553,10754],"class_list":["post-301081","post","type-post","status-publish","format-standard","has-post-thumbnail","","category-noticias-edulcorantes","category-cinta-de-noticias","category-locales","category-slide","tag-bruselas","tag-siria","tag-union-europea"],"_links":{"self":[{"href":"https:\/\/archive.sana.sy\/es\/index.php?rest_route=\/wp\/v2\/posts\/301081"}],"collection":[{"href":"https:\/\/archive.sana.sy\/es\/index.php?rest_route=\/wp\/v2\/posts"}],"about":[{"href":"https:\/\/archive.sana.sy\/es\/index.php?rest_route=\/wp\/v2\/types\/post"}],"author":[{"embeddable":true,"href":"https:\/\/archive.sana.sy\/es\/index.php?rest_route=\/wp\/v2\/users\/31"}],"replies":[{"embeddable":true,"href":"https:\/\/archive.sana.sy\/es\/index.php?rest_route=%2Fwp%2Fv2%2Fcomments&post=301081"}],"version-history":[{"count":3,"href":"https:\/\/archive.sana.sy\/es\/index.php?rest_route=\/wp\/v2\/posts\/301081\/revisions"}],"predecessor-version":[{"id":301085,"href":"https:\/\/archive.sana.sy\/es\/index.php?rest_route=\/wp\/v2\/posts\/301081\/revisions\/301085"}],"wp:featuredmedia":[{"embeddable":true,"href":"https:\/\/archive.sana.sy\/es\/index.php?rest_route=\/wp\/v2\/media\/301082"}],"wp:attachment":[{"href":"https:\/\/archive.sana.sy\/es\/index.php?rest_route=%2Fwp%2Fv2%2Fmedia&parent=301081"}],"wp:term":[{"taxonomy":"category","embeddable":true,"href":"https:\/\/archive.sana.sy\/es\/index.php?rest_route=%2Fwp%2Fv2%2Fcategories&post=301081"},{"taxonomy":"post_tag","embeddable":true,"href":"https:\/\/archive.sana.sy\/es\/index.php?rest_route=%2Fwp%2Fv2%2Ftags&post=301081"}],"curies":[{"name":"wp","href":"https:\/\/api.w.org\/{rel}","templated":true}]}}