{"id":301192,"date":"2023-06-19T10:31:55","date_gmt":"2023-06-19T07:31:55","guid":{"rendered":"http:\/\/sana.sy\/es\/?p=301192"},"modified":"2023-06-19T11:59:32","modified_gmt":"2023-06-19T08:59:32","slug":"tres-muertos-y-29-heridos-palestinos-por-agresiones-israelies-contra-la-ciudad-de-yenin","status":"publish","type":"post","link":"https:\/\/archive.sana.sy\/es\/?p=301192","title":{"rendered":"Tres muertos y 29 heridos palestinos por agresiones israel\u00edes contra la ciudad de Yen\u00edn"},"content":{"rendered":"<p style=\"text-align: justify;\"><span style=\"color: #800000;\"><strong>Jerusal\u00e9n ocupada, 19 jun (SANA)\u00a0<\/strong><\/span> \u00a0Tres palestinos murieron, entre ellos un ni\u00f1o, y otros 29 resultaron lesionados durante el asalto de las fuerzas de ocupaci\u00f3n israel\u00ed a la ciudad de Yenin y su campamento en Cisjordania.<\/p>\n<p style=\"text-align: justify;\">Seg\u00fan la agencia palestina Wafa, numerosas tropas israel\u00edes asaltaron la ciudad y su campamento en medio de intensos sobrevuelos de cazas donde abrieron fuego contra los palestinos y dispararon y bombas de gas lacrim\u00f3geno, lo que provoc\u00f3 la muerte de tres, la lesi\u00f3n de 29 y la asfixia de docenas.<\/p>\n<p style=\"text-align: justify;\">El medio agreg\u00f3 que las fuerzas del ocupante, y por primera vez desde la Segunda Intifada hace 20 a\u00f1os, emplean helic\u00f3pteros en su bombardeo contra Cisjordania.<\/p>\n<p style=\"text-align: justify;\">Asimismo , los militares israel\u00edes arrestaron a dos j\u00f3venes palestinos y destruyeron las tuber\u00edas de agua en la localidad de Jabriyat, as\u00ed como cort\u00f3 la electricidad en gran parte de la ciudad.<\/p>\n<p style=\"text-align: justify;\"><strong>ws\/sm<\/strong><\/p>\n","protected":false},"excerpt":{"rendered":"<p>Jerusal\u00e9n ocupada, 19 jun (SANA)\u00a0 \u00a0Tres palestinos murieron, entre ellos un ni\u00f1o, y otros 29 resultaron lesionados durante el asalto de las fuerzas de ocupaci\u00f3n israel\u00ed a la ciudad de Yenin y su campamento en Cisjordania. Seg\u00fan la agencia palestina Wafa, numerosas tropas israel\u00edes asaltaron la ciudad y su campamento en medio de intensos sobrevuelos &hellip;<\/p>\n","protected":false},"author":35,"featured_media":301199,"comment_status":"closed","ping_status":"closed","sticky":false,"template":"","format":"standard","meta":{"footnotes":""},"categories":[597,456,16687,20724,583],"tags":[],"class_list":["post-301192","post","type-post","status-publish","format-standard","has-post-thumbnail","","category-cinta-de-noticias","category-arabe-internacional-politica","category-internacionales","category-minuto-a-minuto","category-slide"],"_links":{"self":[{"href":"https:\/\/archive.sana.sy\/es\/index.php?rest_route=\/wp\/v2\/posts\/301192"}],"collection":[{"href":"https:\/\/archive.sana.sy\/es\/index.php?rest_route=\/wp\/v2\/posts"}],"about":[{"href":"https:\/\/archive.sana.sy\/es\/index.php?rest_route=\/wp\/v2\/types\/post"}],"author":[{"embeddable":true,"href":"https:\/\/archive.sana.sy\/es\/index.php?rest_route=\/wp\/v2\/users\/35"}],"replies":[{"embeddable":true,"href":"https:\/\/archive.sana.sy\/es\/index.php?rest_route=%2Fwp%2Fv2%2Fcomments&post=301192"}],"version-history":[{"count":1,"href":"https:\/\/archive.sana.sy\/es\/index.php?rest_route=\/wp\/v2\/posts\/301192\/revisions"}],"predecessor-version":[{"id":301194,"href":"https:\/\/archive.sana.sy\/es\/index.php?rest_route=\/wp\/v2\/posts\/301192\/revisions\/301194"}],"wp:featuredmedia":[{"embeddable":true,"href":"https:\/\/archive.sana.sy\/es\/index.php?rest_route=\/wp\/v2\/media\/301199"}],"wp:attachment":[{"href":"https:\/\/archive.sana.sy\/es\/index.php?rest_route=%2Fwp%2Fv2%2Fmedia&parent=301192"}],"wp:term":[{"taxonomy":"category","embeddable":true,"href":"https:\/\/archive.sana.sy\/es\/index.php?rest_route=%2Fwp%2Fv2%2Fcategories&post=301192"},{"taxonomy":"post_tag","embeddable":true,"href":"https:\/\/archive.sana.sy\/es\/index.php?rest_route=%2Fwp%2Fv2%2Ftags&post=301192"}],"curies":[{"name":"wp","href":"https:\/\/api.w.org\/{rel}","templated":true}]}}