{"id":301196,"date":"2023-06-19T10:39:26","date_gmt":"2023-06-19T07:39:26","guid":{"rendered":"http:\/\/sana.sy\/es\/?p=301196"},"modified":"2023-06-19T11:45:58","modified_gmt":"2023-06-19T08:45:58","slug":"ejercito-ruso-derriba-dos-drones-al-norte-de-crimea","status":"publish","type":"post","link":"https:\/\/archive.sana.sy\/es\/?p=301196","title":{"rendered":"Ej\u00e9rcito ruso derriba dos drones al norte de Crimea"},"content":{"rendered":"<p style=\"text-align: justify;\"><span style=\"color: #800000;\"><strong>Mosc\u00fa, 19 jun (SANA)\u00a0<\/strong> <\/span>\u00a0El ej\u00e9rcito ruso derrib\u00f3 este lunes dos drones que sobrevolaban a baja altura el norte de Crimea.<\/p>\n<p style=\"text-align: justify;\">\u201cEl sistema de defensa a\u00e9rea destruy\u00f3 dos veh\u00edculos a\u00e9reos no tripulados que sobrevolaban la zona de noche\u201d, anunci\u00f3 el presidente de la Rep\u00fablica de Crimea, Sergei Aksyonov, en su canal de Telegram, citado por RIA Novosti.<\/p>\n<p style=\"text-align: justify;\">Hizo un llamado a los vecinos de la zona a mantener la calma y obtener informaci\u00f3n exclusivamente de fuentes confiables.<\/p>\n<p style=\"text-align: justify;\">ed\/fm<\/p>\n","protected":false},"excerpt":{"rendered":"<p>Mosc\u00fa, 19 jun (SANA)\u00a0 \u00a0El ej\u00e9rcito ruso derrib\u00f3 este lunes dos drones que sobrevolaban a baja altura el norte de Crimea. \u201cEl sistema de defensa a\u00e9rea destruy\u00f3 dos veh\u00edculos a\u00e9reos no tripulados que sobrevolaban la zona de noche\u201d, anunci\u00f3 el presidente de la Rep\u00fablica de Crimea, Sergei Aksyonov, en su canal de Telegram, citado por &hellip;<\/p>\n","protected":false},"author":32,"featured_media":301197,"comment_status":"closed","ping_status":"closed","sticky":false,"template":"","format":"standard","meta":{"footnotes":""},"categories":[597,456,16687,20724,7541],"tags":[],"class_list":["post-301196","post","type-post","status-publish","format-standard","has-post-thumbnail","","category-cinta-de-noticias","category-arabe-internacional-politica","category-internacionales","category-minuto-a-minuto","category-ultimas-noticias"],"_links":{"self":[{"href":"https:\/\/archive.sana.sy\/es\/index.php?rest_route=\/wp\/v2\/posts\/301196"}],"collection":[{"href":"https:\/\/archive.sana.sy\/es\/index.php?rest_route=\/wp\/v2\/posts"}],"about":[{"href":"https:\/\/archive.sana.sy\/es\/index.php?rest_route=\/wp\/v2\/types\/post"}],"author":[{"embeddable":true,"href":"https:\/\/archive.sana.sy\/es\/index.php?rest_route=\/wp\/v2\/users\/32"}],"replies":[{"embeddable":true,"href":"https:\/\/archive.sana.sy\/es\/index.php?rest_route=%2Fwp%2Fv2%2Fcomments&post=301196"}],"version-history":[{"count":1,"href":"https:\/\/archive.sana.sy\/es\/index.php?rest_route=\/wp\/v2\/posts\/301196\/revisions"}],"predecessor-version":[{"id":301198,"href":"https:\/\/archive.sana.sy\/es\/index.php?rest_route=\/wp\/v2\/posts\/301196\/revisions\/301198"}],"wp:featuredmedia":[{"embeddable":true,"href":"https:\/\/archive.sana.sy\/es\/index.php?rest_route=\/wp\/v2\/media\/301197"}],"wp:attachment":[{"href":"https:\/\/archive.sana.sy\/es\/index.php?rest_route=%2Fwp%2Fv2%2Fmedia&parent=301196"}],"wp:term":[{"taxonomy":"category","embeddable":true,"href":"https:\/\/archive.sana.sy\/es\/index.php?rest_route=%2Fwp%2Fv2%2Fcategories&post=301196"},{"taxonomy":"post_tag","embeddable":true,"href":"https:\/\/archive.sana.sy\/es\/index.php?rest_route=%2Fwp%2Fv2%2Ftags&post=301196"}],"curies":[{"name":"wp","href":"https:\/\/api.w.org\/{rel}","templated":true}]}}