{"id":301200,"date":"2023-06-19T12:11:09","date_gmt":"2023-06-19T09:11:09","guid":{"rendered":"http:\/\/sana.sy\/es\/?p=301200"},"modified":"2023-06-19T12:11:09","modified_gmt":"2023-06-19T09:11:09","slug":"siete-personas-son-heridas-por-bombardeo-ucraniano-contra-la-region-de-belgorod","status":"publish","type":"post","link":"https:\/\/archive.sana.sy\/es\/?p=301200","title":{"rendered":"Siete personas son heridas por bombardeo ucraniano contra la regi\u00f3n de Belgorod"},"content":{"rendered":"<p style=\"text-align: justify;\"><span style=\"color: #800000;\"><strong>Mosc\u00fa, 19 jun (SANA)\u00a0<\/strong> <\/span>Siete personas resultaron heridas como consecuencia del bombardeo ucraniano contra la regi\u00f3n rusa de Belgorod<\/p>\n<p style=\"text-align: justify;\">El gobernador del mencionado distrito, Vyacheslav Gladkov, citado por la agencia de noticias TASS, dijo que la localidad fue bombardeada por las fuerzas ucranianas, lo que caus\u00f3 la lesi\u00f3n de siete personas, incluido un ni\u00f1o.<\/p>\n<p style=\"text-align: justify;\">Las zonas fronterizas de Rusia en las provincias de Belgorod, Bryansk, Kursk y Voronezh son frecuentemente bombardeadas y atacadas por las fuerzas del r\u00e9gimen de Kiev y sus mercenarios.<\/p>\n<p style=\"text-align: justify;\">sm\/ed<\/p>\n","protected":false},"excerpt":{"rendered":"<p>Mosc\u00fa, 19 jun (SANA)\u00a0 Siete personas resultaron heridas como consecuencia del bombardeo ucraniano contra la regi\u00f3n rusa de Belgorod El gobernador del mencionado distrito, Vyacheslav Gladkov, citado por la agencia de noticias TASS, dijo que la localidad fue bombardeada por las fuerzas ucranianas, lo que caus\u00f3 la lesi\u00f3n de siete personas, incluido un ni\u00f1o. Las &hellip;<\/p>\n","protected":false},"author":32,"featured_media":301201,"comment_status":"closed","ping_status":"closed","sticky":false,"template":"","format":"standard","meta":{"footnotes":""},"categories":[597,456,16687,20724,7541],"tags":[],"class_list":["post-301200","post","type-post","status-publish","format-standard","has-post-thumbnail","","category-cinta-de-noticias","category-arabe-internacional-politica","category-internacionales","category-minuto-a-minuto","category-ultimas-noticias"],"_links":{"self":[{"href":"https:\/\/archive.sana.sy\/es\/index.php?rest_route=\/wp\/v2\/posts\/301200"}],"collection":[{"href":"https:\/\/archive.sana.sy\/es\/index.php?rest_route=\/wp\/v2\/posts"}],"about":[{"href":"https:\/\/archive.sana.sy\/es\/index.php?rest_route=\/wp\/v2\/types\/post"}],"author":[{"embeddable":true,"href":"https:\/\/archive.sana.sy\/es\/index.php?rest_route=\/wp\/v2\/users\/32"}],"replies":[{"embeddable":true,"href":"https:\/\/archive.sana.sy\/es\/index.php?rest_route=%2Fwp%2Fv2%2Fcomments&post=301200"}],"version-history":[{"count":1,"href":"https:\/\/archive.sana.sy\/es\/index.php?rest_route=\/wp\/v2\/posts\/301200\/revisions"}],"predecessor-version":[{"id":301202,"href":"https:\/\/archive.sana.sy\/es\/index.php?rest_route=\/wp\/v2\/posts\/301200\/revisions\/301202"}],"wp:featuredmedia":[{"embeddable":true,"href":"https:\/\/archive.sana.sy\/es\/index.php?rest_route=\/wp\/v2\/media\/301201"}],"wp:attachment":[{"href":"https:\/\/archive.sana.sy\/es\/index.php?rest_route=%2Fwp%2Fv2%2Fmedia&parent=301200"}],"wp:term":[{"taxonomy":"category","embeddable":true,"href":"https:\/\/archive.sana.sy\/es\/index.php?rest_route=%2Fwp%2Fv2%2Fcategories&post=301200"},{"taxonomy":"post_tag","embeddable":true,"href":"https:\/\/archive.sana.sy\/es\/index.php?rest_route=%2Fwp%2Fv2%2Ftags&post=301200"}],"curies":[{"name":"wp","href":"https:\/\/api.w.org\/{rel}","templated":true}]}}