{"id":30123,"date":"2015-09-17T12:05:37","date_gmt":"2015-09-17T09:05:37","guid":{"rendered":"http:\/\/sana.sy\/es\/?p=30123"},"modified":"2015-09-17T12:05:37","modified_gmt":"2015-09-17T09:05:37","slug":"jaafari-el-terrorismo-y-las-sanciones-economicas-son-la-razon-principal-para-la-salida-de-sirios-fuera-de-su-pais","status":"publish","type":"post","link":"https:\/\/archive.sana.sy\/es\/?p=30123","title":{"rendered":"Jaafari: el terrorismo y las sanciones econ\u00f3micas son la raz\u00f3n principal para la salida de sirios fuera de su pa\u00eds"},"content":{"rendered":"<p><span style=\"color: #800000\">Nueva York, SANA<\/span><\/p>\n<p>El representante permanente de Siria ante la ONU, Bashar al-Jaafari, subray\u00f3 que el terrorismo y las medidas coercitivas y unilaterales impuestas al pueblo sirio constituyen la principal causa de la paralizaci\u00f3n de la vida econ\u00f3mica, la destrucci\u00f3n de la infraestructura y la salida de un gran n\u00famero de sirios fuera de su pa\u00eds.<\/p>\n<p>La afirmaci\u00f3n de Jaafari tuvo lugar en una reuni\u00f3n del Consejo de Seguridad de la ONU sobre la situaci\u00f3n en Medio Oriente y se dedic\u00f3 a discutir el informe del Secretario General sobre la aplicaci\u00f3n de las resoluciones No. 2139, No. 2165 y No.2191 relativas a la situaci\u00f3n humanitaria en Siria.<\/p>\n<p>Jaafari dijo que las anteriores resoluciones obligan a los estados miembros de la ONU a no adoptar el terrorismo como pol\u00edtica de presi\u00f3n a los gobiernos de algunos estados miembros, y agreg\u00f3 que esto es te\u00f3ricamente maravilloso pero en la pr\u00e1ctica no se aplica en absoluto.<\/p>\n<p>En este sentido, el diplom\u00e1tico sirio dijo que en el norte de Siria, hay grupos armados terroristas fuera de la ley y operan bajo el denominado &#8220;Ej\u00e9rcito de Conquista&#8221; que financian Qatar y Turqu\u00eda, y disparan cada d\u00eda miles de misiles contra la poblaci\u00f3n indefensa en la ciudad de Alepo.<\/p>\n<p>Seg\u00fan Jaafari, en el sur de Siria hay otra organizaci\u00f3n terrorista financiada por Arabia Saud\u00ed y Jordania, dos pa\u00edses miembros del Consejo de Seguridad de la ONU, y esa organizaci\u00f3n perpetra los mismos actos terroristas sucios contra la poblaci\u00f3n en el sur de Siria.<\/p>\n<p>De igual manera, se refiri\u00f3 a otra organizaci\u00f3n terrorista que opera en las afueras de Damasco, y es el &#8220;Ej\u00e9rcito del Islam&#8221; que financia Arabia Saudita, precisando que estos terroristas forman &#8220;tres ej\u00e9rcitos&#8221;, uno opera bajo el mando de Turqu\u00eda y Qatar, el segundo bajo el mando de Jordania y el tercero bajo el mando de Arabia Saudita.<br \/>\nPor otro lado, el delegado sirio de la ONU dijo que &#8220;la tragedia del pueblo sirio es una gran tragedia, y el terrorismo es la principal raz\u00f3n para la salida y huida del gran n\u00famero de sirios de su pa\u00eds, y adem\u00e1s, los procedimientos coercitivas unilaterales o las sanciones econ\u00f3micas constituyen una causa principal de la paralizaci\u00f3n de la vida econ\u00f3mica y del aumento de la tasa de desempleo.&#8221;<\/p>\n<p>Jaafari a\u00f1adi\u00f3 que la tercera raz\u00f3n de la crisis humanitaria en Siria es la enorme afluencia de decenas de miles de terroristas y mercenarios de todas partes del mundo, se\u00f1alando que estos terroristas proceden de un centenar de pa\u00edses miembros de la Organizaci\u00f3n Internacional.<\/p>\n<p>Jaafari concluy\u00f3 que &#8220;la imagen del ni\u00f1o Aylan hizo un gran servicio al pueblo sirio, ya que permiti\u00f3 revelar que los ni\u00f1os no asisten a la escuela porque los terroristas controlan un gran n\u00famero de zonas y ponen planes escolares extremistas inspirados de los planes escolares adoptados en Arabia Saudita y el Golfo, y que ense\u00f1an a nuestros ni\u00f1os a decapitar y odiar la gente de las dem\u00e1s religiones.<\/p>\n<p><span style=\"color: #00ccff\">Fady M., Hala B.<\/span><\/p>\n","protected":false},"excerpt":{"rendered":"<p>Nueva York, SANA El representante permanente de Siria ante la ONU, Bashar al-Jaafari, subray\u00f3 que el terrorismo y las medidas coercitivas y unilaterales impuestas al pueblo sirio constituyen la principal causa de la paralizaci\u00f3n de la vida econ\u00f3mica, la destrucci\u00f3n de la infraestructura y la salida de un gran n\u00famero de sirios fuera de su &hellip;<\/p>\n","protected":false},"author":1,"featured_media":30124,"comment_status":"closed","ping_status":"closed","sticky":false,"template":"","format":"standard","meta":{"footnotes":""},"categories":[456,457,576],"tags":[6675],"class_list":["post-30123","post","type-post","status-publish","format-standard","has-post-thumbnail","","category-arabe-internacional-politica","category-noticias-arabe-internacional-politica","category-noticias-politicas","tag-jaafari-el-terrorismo-y-las-sanciones-economicas-son-la-razon-principal-para-la-salida-de-sirios-fuera-de-su-pais"],"_links":{"self":[{"href":"https:\/\/archive.sana.sy\/es\/index.php?rest_route=\/wp\/v2\/posts\/30123"}],"collection":[{"href":"https:\/\/archive.sana.sy\/es\/index.php?rest_route=\/wp\/v2\/posts"}],"about":[{"href":"https:\/\/archive.sana.sy\/es\/index.php?rest_route=\/wp\/v2\/types\/post"}],"author":[{"embeddable":true,"href":"https:\/\/archive.sana.sy\/es\/index.php?rest_route=\/wp\/v2\/users\/1"}],"replies":[{"embeddable":true,"href":"https:\/\/archive.sana.sy\/es\/index.php?rest_route=%2Fwp%2Fv2%2Fcomments&post=30123"}],"version-history":[{"count":0,"href":"https:\/\/archive.sana.sy\/es\/index.php?rest_route=\/wp\/v2\/posts\/30123\/revisions"}],"wp:featuredmedia":[{"embeddable":true,"href":"https:\/\/archive.sana.sy\/es\/index.php?rest_route=\/wp\/v2\/media\/30124"}],"wp:attachment":[{"href":"https:\/\/archive.sana.sy\/es\/index.php?rest_route=%2Fwp%2Fv2%2Fmedia&parent=30123"}],"wp:term":[{"taxonomy":"category","embeddable":true,"href":"https:\/\/archive.sana.sy\/es\/index.php?rest_route=%2Fwp%2Fv2%2Fcategories&post=30123"},{"taxonomy":"post_tag","embeddable":true,"href":"https:\/\/archive.sana.sy\/es\/index.php?rest_route=%2Fwp%2Fv2%2Ftags&post=30123"}],"curies":[{"name":"wp","href":"https:\/\/api.w.org\/{rel}","templated":true}]}}