{"id":30126,"date":"2015-09-17T12:07:26","date_gmt":"2015-09-17T09:07:26","guid":{"rendered":"http:\/\/sana.sy\/es\/?p=30126"},"modified":"2015-09-17T12:07:26","modified_gmt":"2015-09-17T09:07:26","slug":"churkin-ataques-de-la-coalicion-internacional-en-siria-van-en-contra-del-derecho-internacional","status":"publish","type":"post","link":"https:\/\/archive.sana.sy\/es\/?p=30126","title":{"rendered":"Churkin: ataques de la &#8220;coalici\u00f3n internacional&#8221; en Siria van en contra del Derecho Internacional"},"content":{"rendered":"<p><span style=\"color: #800000\">Nueva York, SANA<\/span><\/p>\n<p>El Representante Permanente de Rusia ante las Naciones Unidas, Vitaly Churkin, dijo que &#8220;los ataques a\u00e9reos&#8221; llevadas a cabo por la &#8220;coalici\u00f3n internacional&#8221; en Siria, no perjudican las capacidades de la organizaci\u00f3n terrorista del Estado Isl\u00e1mico y van en contra del Derecho Internacional.<\/p>\n<p>En una conferencia de prensa, Churkin dijo que &#8220;lo que est\u00e1 haciendo nuestros socios occidentales en Siria se considera una grave violaci\u00f3n del derecho internacional, ya que justifican sus pasos con el art\u00edculo no. 51 de la Carta de las Naciones Unidas en relaci\u00f3n con el&#8221; derecho a la autodefensa &#8220;, pero est\u00e1n bombardeando al territorio de un Estado soberano sin la aprobaci\u00f3n del Gobierno correspondiente&#8221;.<\/p>\n<p>Asimismo, subray\u00f3 que&#8221; las actividades estadounidenses &#8220;en Siria plantean grandes interrogantes desde el punto de vista legal en el momento en que Rusia proporcione su asistencia al gobierno sirio respetando plenamente el derecho internacional&#8221;.<\/p>\n<p>El diplom\u00e1tico ruso anunci\u00f3 la propuesta rusa para formar una coalici\u00f3n internacional para combatir la organizaci\u00f3n terrorista del EI, la cual se discutir\u00e1 en el marco de la Asamblea General de las Naciones Unidas.<\/p>\n<p><span style=\"color: #00ccff\">Fady M., Hala B.<\/span><\/p>\n","protected":false},"excerpt":{"rendered":"<p>Nueva York, SANA El Representante Permanente de Rusia ante las Naciones Unidas, Vitaly Churkin, dijo que &#8220;los ataques a\u00e9reos&#8221; llevadas a cabo por la &#8220;coalici\u00f3n internacional&#8221; en Siria, no perjudican las capacidades de la organizaci\u00f3n terrorista del Estado Isl\u00e1mico y van en contra del Derecho Internacional. En una conferencia de prensa, Churkin dijo que &#8220;lo &hellip;<\/p>\n","protected":false},"author":1,"featured_media":30127,"comment_status":"closed","ping_status":"closed","sticky":false,"template":"","format":"standard","meta":{"footnotes":""},"categories":[456,457,576],"tags":[6676],"class_list":["post-30126","post","type-post","status-publish","format-standard","has-post-thumbnail","","category-arabe-internacional-politica","category-noticias-arabe-internacional-politica","category-noticias-politicas","tag-churkin-ataques-de-la-coalicion-internacional-en-siria-van-en-contra-del-derecho-internacional"],"_links":{"self":[{"href":"https:\/\/archive.sana.sy\/es\/index.php?rest_route=\/wp\/v2\/posts\/30126"}],"collection":[{"href":"https:\/\/archive.sana.sy\/es\/index.php?rest_route=\/wp\/v2\/posts"}],"about":[{"href":"https:\/\/archive.sana.sy\/es\/index.php?rest_route=\/wp\/v2\/types\/post"}],"author":[{"embeddable":true,"href":"https:\/\/archive.sana.sy\/es\/index.php?rest_route=\/wp\/v2\/users\/1"}],"replies":[{"embeddable":true,"href":"https:\/\/archive.sana.sy\/es\/index.php?rest_route=%2Fwp%2Fv2%2Fcomments&post=30126"}],"version-history":[{"count":0,"href":"https:\/\/archive.sana.sy\/es\/index.php?rest_route=\/wp\/v2\/posts\/30126\/revisions"}],"wp:featuredmedia":[{"embeddable":true,"href":"https:\/\/archive.sana.sy\/es\/index.php?rest_route=\/wp\/v2\/media\/30127"}],"wp:attachment":[{"href":"https:\/\/archive.sana.sy\/es\/index.php?rest_route=%2Fwp%2Fv2%2Fmedia&parent=30126"}],"wp:term":[{"taxonomy":"category","embeddable":true,"href":"https:\/\/archive.sana.sy\/es\/index.php?rest_route=%2Fwp%2Fv2%2Fcategories&post=30126"},{"taxonomy":"post_tag","embeddable":true,"href":"https:\/\/archive.sana.sy\/es\/index.php?rest_route=%2Fwp%2Fv2%2Ftags&post=30126"}],"curies":[{"name":"wp","href":"https:\/\/api.w.org\/{rel}","templated":true}]}}