{"id":301276,"date":"2023-06-20T09:26:59","date_gmt":"2023-06-20T06:26:59","guid":{"rendered":"http:\/\/sana.sy\/es\/?p=301276"},"modified":"2023-06-20T10:06:22","modified_gmt":"2023-06-20T07:06:22","slug":"inicia-reunion-internacional-de-astana-sobre-siria","status":"publish","type":"post","link":"https:\/\/archive.sana.sy\/es\/?p=301276","title":{"rendered":"Inicia Reuni\u00f3n Internacional de Astan\u00e1 sobre Siria"},"content":{"rendered":"<blockquote>\n<p style=\"text-align: justify;\"><span style=\"color: #993300;\">&#8220;Los debates abordar\u00e1n los cambios ocurridos en la posici\u00f3n regional respecto a Siria y la situaci\u00f3n humanitaria all\u00ed, adem\u00e1s de los esfuerzos para resolver la crisis, cuestiones de lucha contra el terrorismo, la reconstrucci\u00f3n del pa\u00eds y la creaci\u00f3n de condiciones para el regreso de los refugiados&#8221;<\/span><\/p>\n<\/blockquote>\n<p style=\"text-align: justify;\"><span style=\"color: #800000;\"><strong>Astan\u00e1, 20 jun (SANA)<\/strong><\/span>\u00a0 \u00a0La XX Reuni\u00f3n Internacional sobre Siria comenz\u00f3 hoy en la ciudad de Astan\u00e1, la capital kazaja.<br \/>\nEn la cita, participa una delegaci\u00f3n siria encabezada por el ministro adjunto de Asuntos Exteriores y Expatriados, Ayman Sousan, y las delegaciones de los pa\u00edses garantes del proceso de Astan\u00e1 (Rusia, Ir\u00e1n y Turqu\u00eda).<\/p>\n<p style=\"text-align: justify;\">La delegaci\u00f3n rusa est\u00e1 presidida por Mikhail Bogdanov, el vicecanciller y representante especial del Presidente de Rusia para Oriente Medio y Pa\u00edses Africanos, mientras el viceministro de Relaciones Exteriores de Ir\u00e1n, Ali Asghar Khaji est\u00e1 al frente de la representaci\u00f3n de la naci\u00f3n persa.<\/p>\n<p style=\"text-align: justify;\">La reuni\u00f3n tendr\u00e1 una duraci\u00f3n de dos d\u00edas y se prev\u00e9 que representantes de las Naciones Unidas y pa\u00edses vecinos de Siria (L\u00edbano, Iraq y Jordania), participen como observadores.<\/p>\n<p style=\"text-align: justify;\">El Ministerio de Relaciones Exteriores de Kazajst\u00e1n anunci\u00f3 que los debates abordar\u00e1n los cambios ocurrido en la posici\u00f3n regional respecto a Siria y la situaci\u00f3n humanitaria all\u00ed, adem\u00e1s de los esfuerzos para resolver la crisis, cuestiones de lucha contra el terrorismo, la reconstrucci\u00f3n del pa\u00eds y la creaci\u00f3n de condiciones para el regreso de los refugiados.<\/p>\n<p style=\"text-align: justify;\">El primer d\u00eda del encuentro presenciar\u00e1 reuniones bilaterales y tripartitas entre las delegaciones participantes, y las consultas continuar\u00e1n el segundo d\u00eda previo a la sesi\u00f3n plenaria de la reuni\u00f3n, en la que se pronunciar\u00e1 el comunicado final, seguido por una conferencia de prensa de los jefes de las delegaciones participantes.<\/p>\n<p style=\"text-align: justify;\">La \u00faltima reuni\u00f3n de Astan\u00e1 se celebr\u00f3 en la capital kazaja los d\u00edas 22 y 23 de noviembre de 2022, y en su comunicado final, llam\u00f3 al compromiso con la soberan\u00eda, unidad e integridad territorial de Siria.<\/p>\n<p style=\"text-align: justify;\">fm\/ed<\/p>\n","protected":false},"excerpt":{"rendered":"<p>&#8220;Los debates abordar\u00e1n los cambios ocurridos en la posici\u00f3n regional respecto a Siria y la situaci\u00f3n humanitaria all\u00ed, adem\u00e1s de los esfuerzos para resolver la crisis, cuestiones de lucha contra el terrorismo, la reconstrucci\u00f3n del pa\u00eds y la creaci\u00f3n de condiciones para el regreso de los refugiados&#8221; Astan\u00e1, 20 jun (SANA)\u00a0 \u00a0La XX Reuni\u00f3n Internacional &hellip;<\/p>\n","protected":false},"author":32,"featured_media":301277,"comment_status":"closed","ping_status":"closed","sticky":false,"template":"","format":"standard","meta":{"footnotes":""},"categories":[597,20724,467,7541],"tags":[],"class_list":["post-301276","post","type-post","status-publish","format-standard","has-post-thumbnail","","category-cinta-de-noticias","category-minuto-a-minuto","category-siria-y-el-mundo","category-ultimas-noticias"],"_links":{"self":[{"href":"https:\/\/archive.sana.sy\/es\/index.php?rest_route=\/wp\/v2\/posts\/301276"}],"collection":[{"href":"https:\/\/archive.sana.sy\/es\/index.php?rest_route=\/wp\/v2\/posts"}],"about":[{"href":"https:\/\/archive.sana.sy\/es\/index.php?rest_route=\/wp\/v2\/types\/post"}],"author":[{"embeddable":true,"href":"https:\/\/archive.sana.sy\/es\/index.php?rest_route=\/wp\/v2\/users\/32"}],"replies":[{"embeddable":true,"href":"https:\/\/archive.sana.sy\/es\/index.php?rest_route=%2Fwp%2Fv2%2Fcomments&post=301276"}],"version-history":[{"count":2,"href":"https:\/\/archive.sana.sy\/es\/index.php?rest_route=\/wp\/v2\/posts\/301276\/revisions"}],"predecessor-version":[{"id":301288,"href":"https:\/\/archive.sana.sy\/es\/index.php?rest_route=\/wp\/v2\/posts\/301276\/revisions\/301288"}],"wp:featuredmedia":[{"embeddable":true,"href":"https:\/\/archive.sana.sy\/es\/index.php?rest_route=\/wp\/v2\/media\/301277"}],"wp:attachment":[{"href":"https:\/\/archive.sana.sy\/es\/index.php?rest_route=%2Fwp%2Fv2%2Fmedia&parent=301276"}],"wp:term":[{"taxonomy":"category","embeddable":true,"href":"https:\/\/archive.sana.sy\/es\/index.php?rest_route=%2Fwp%2Fv2%2Fcategories&post=301276"},{"taxonomy":"post_tag","embeddable":true,"href":"https:\/\/archive.sana.sy\/es\/index.php?rest_route=%2Fwp%2Fv2%2Ftags&post=301276"}],"curies":[{"name":"wp","href":"https:\/\/api.w.org\/{rel}","templated":true}]}}