{"id":301302,"date":"2023-06-20T11:31:08","date_gmt":"2023-06-20T08:31:08","guid":{"rendered":"http:\/\/sana.sy\/es\/?p=301302"},"modified":"2023-06-20T11:44:37","modified_gmt":"2023-06-20T08:44:37","slug":"cazas-y-helicopteros-rusos-bombardean-concentraciones-ucranianas-en-kupiansk","status":"publish","type":"post","link":"https:\/\/archive.sana.sy\/es\/?p=301302","title":{"rendered":"Cazas y helic\u00f3pteros rusos bombardean concentraciones ucranianas en K\u00fapiansk"},"content":{"rendered":"<p><span style=\"color: #800000;\"><strong>Mosc\u00fa, 20 jun (SANA)<\/strong><\/span>\u00a0 Cazas y helic\u00f3pteros de las Fuerzas Armadas Rusas lanzaron ataques a\u00e9reos contra sitios y concentraciones de fuerza viva y equipos b\u00e9licos de las fuerzas ucranianas, en direcci\u00f3n a K\u00fapiansk.<\/p>\n<p>La agencia de noticias Sputnik cit\u00f3 al portavoz del Grupo de tropas Occidentales, Sergei Zibinsky diciendo que las tripulaciones de los helic\u00f3pteros Ka-52 y Mi-28, y de los aviones de asalto Su-25 lanzaron 10 incursiones a\u00e9reas contra puntos de despliegue temporal de las fuerzas de Kiev.<\/p>\n<p>Agreg\u00f3 que tambi\u00e9n fue destruida una brigada con sus tripulaciones de morteros pesados y obuses ucranianas.<\/p>\n<p>fm\/ed<\/p>\n","protected":false},"excerpt":{"rendered":"<p>Mosc\u00fa, 20 jun (SANA)\u00a0 Cazas y helic\u00f3pteros de las Fuerzas Armadas Rusas lanzaron ataques a\u00e9reos contra sitios y concentraciones de fuerza viva y equipos b\u00e9licos de las fuerzas ucranianas, en direcci\u00f3n a K\u00fapiansk. La agencia de noticias Sputnik cit\u00f3 al portavoz del Grupo de tropas Occidentales, Sergei Zibinsky diciendo que las tripulaciones de los helic\u00f3pteros &hellip;<\/p>\n","protected":false},"author":32,"featured_media":301303,"comment_status":"closed","ping_status":"closed","sticky":false,"template":"","format":"standard","meta":{"footnotes":""},"categories":[597,456,16687,20724,7541],"tags":[],"class_list":["post-301302","post","type-post","status-publish","format-standard","has-post-thumbnail","","category-cinta-de-noticias","category-arabe-internacional-politica","category-internacionales","category-minuto-a-minuto","category-ultimas-noticias"],"_links":{"self":[{"href":"https:\/\/archive.sana.sy\/es\/index.php?rest_route=\/wp\/v2\/posts\/301302"}],"collection":[{"href":"https:\/\/archive.sana.sy\/es\/index.php?rest_route=\/wp\/v2\/posts"}],"about":[{"href":"https:\/\/archive.sana.sy\/es\/index.php?rest_route=\/wp\/v2\/types\/post"}],"author":[{"embeddable":true,"href":"https:\/\/archive.sana.sy\/es\/index.php?rest_route=\/wp\/v2\/users\/32"}],"replies":[{"embeddable":true,"href":"https:\/\/archive.sana.sy\/es\/index.php?rest_route=%2Fwp%2Fv2%2Fcomments&post=301302"}],"version-history":[{"count":1,"href":"https:\/\/archive.sana.sy\/es\/index.php?rest_route=\/wp\/v2\/posts\/301302\/revisions"}],"predecessor-version":[{"id":301304,"href":"https:\/\/archive.sana.sy\/es\/index.php?rest_route=\/wp\/v2\/posts\/301302\/revisions\/301304"}],"wp:featuredmedia":[{"embeddable":true,"href":"https:\/\/archive.sana.sy\/es\/index.php?rest_route=\/wp\/v2\/media\/301303"}],"wp:attachment":[{"href":"https:\/\/archive.sana.sy\/es\/index.php?rest_route=%2Fwp%2Fv2%2Fmedia&parent=301302"}],"wp:term":[{"taxonomy":"category","embeddable":true,"href":"https:\/\/archive.sana.sy\/es\/index.php?rest_route=%2Fwp%2Fv2%2Fcategories&post=301302"},{"taxonomy":"post_tag","embeddable":true,"href":"https:\/\/archive.sana.sy\/es\/index.php?rest_route=%2Fwp%2Fv2%2Ftags&post=301302"}],"curies":[{"name":"wp","href":"https:\/\/api.w.org\/{rel}","templated":true}]}}