{"id":301307,"date":"2023-06-20T12:08:54","date_gmt":"2023-06-20T09:08:54","guid":{"rendered":"http:\/\/sana.sy\/es\/?p=301307"},"modified":"2023-06-20T21:29:53","modified_gmt":"2023-06-20T18:29:53","slug":"la-retirada-turca-es-la-unica-entrada-para-renormalizar-las-realciones-entre-damasco-y-ankara-afirma-vicecanciller","status":"publish","type":"post","link":"https:\/\/archive.sana.sy\/es\/?p=301307","title":{"rendered":"La retirada turca es la \u00fanica entrada para renormalizar las relaciones entre Damasco y Ankara, afirma Vicecanciller"},"content":{"rendered":"<blockquote>\n<p style=\"text-align: justify;\"><span style=\"color: #993300;\">\u00a0Consider\u00f3 que la lucha contra el terrorismo no debe ser selectiva y que la seguridad fronteriza es una responsabilidad compartida de los pa\u00edses vecinos.<\/span><\/p>\n<\/blockquote>\n<p style=\"text-align: justify;\"><span style=\"color: #800000;\"><strong>Astan\u00e1, 20 jun (SANA)<\/strong><\/span> Ayman Soussan, el ministro adjunto de Asuntos Exteriores y Expatriados, y jefe de la delegaci\u00f3n siria en la XX Reuni\u00f3n Internacional de Astan\u00e1 sobre Siria, afirm\u00f3 hoy la retirada turca es la \u00fanica entrada para renormalizar las relaciones entre Damasco y Ankara.<\/p>\n<p style=\"text-align: justify;\">Esta postura del vicecanciller fue expresada durante su reunion hoy con la delegaci\u00f3n rusa encabezada por Mikhail Bogdanov, viceministro de Relaciones Exteriores y representante especial del Presidente de Rusia para Asuntos de Oriente Medio, y luego con la delegaci\u00f3n iran\u00ed encabezada por Ali Asghar Khaji, el asesor principal del Canciller de Ir\u00e1n para Asuntos Pol\u00edticos Especiales.<\/p>\n<p style=\"text-align: justify;\">Durante las dos reuniones, las conversaciones giraron en torno de la agenda de la conferencia de Astan\u00e1, y las opiniones fueron id\u00e9nticas sobre varios temas relacionados.<\/p>\n<p style=\"text-align: justify;\">Tambi\u00e9n se discutieron aspectos relacionados con la reuni\u00f3n cuatripartita a nivel de vicecancilleres de la Rep\u00fablica \u00c1rabe Siria, la Federaci\u00f3n Rusa, la Rep\u00fablica Isl\u00e1mica de Ir\u00e1n y la Rep\u00fablica Turca.<\/p>\n<p style=\"text-align: justify;\">La retirada turca de los territorios sirios constituye el \u00fanico punto de entrada para cualquier relaci\u00f3n normal entre los dos pa\u00edses o para cualquier cooperaci\u00f3n en cualquier campo&#8221;, aclar\u00f3 el diplom\u00e1tico.<\/p>\n<p style=\"text-align: justify;\">Consider\u00f3 que la lucha contra el terrorismo no debe ser selectiva y que la seguridad fronteriza es una responsabilidad compartida de los pa\u00edses vecinos.<\/p>\n<p style=\"text-align: justify;\">Bogdanov y Khaji reiteraron el apoyo de sus pa\u00edses a Siria en cuanto a preservar su soberan\u00eda, unidad e integridad territorial y la no injerencia en sus asuntos internos.<\/p>\n<div id='gallery-1' class='gallery galleryid-301307 gallery-columns-1 gallery-size-full'><figure class='gallery-item'>\n\t\t\t<div class='gallery-icon landscape'>\n\t\t\t\t<a href='https:\/\/archive.sana.sy\/es\/wp-content\/uploads\/2023\/06\/AAA_2878-scaled.jpg'><img loading=\"lazy\" decoding=\"async\" width=\"2560\" height=\"1514\" src=\"https:\/\/archive.sana.sy\/es\/wp-content\/uploads\/2023\/06\/AAA_2878-scaled.jpg\" class=\"attachment-full size-full\" alt=\"\" srcset=\"https:\/\/archive.sana.sy\/es\/wp-content\/uploads\/2023\/06\/AAA_2878-scaled.jpg 2560w, https:\/\/archive.sana.sy\/es\/wp-content\/uploads\/2023\/06\/AAA_2878-300x177.jpg 300w, https:\/\/archive.sana.sy\/es\/wp-content\/uploads\/2023\/06\/AAA_2878-1024x605.jpg 1024w, https:\/\/archive.sana.sy\/es\/wp-content\/uploads\/2023\/06\/AAA_2878-150x89.jpg 150w, https:\/\/archive.sana.sy\/es\/wp-content\/uploads\/2023\/06\/AAA_2878-768x454.jpg 768w, https:\/\/archive.sana.sy\/es\/wp-content\/uploads\/2023\/06\/AAA_2878-1536x908.jpg 1536w, https:\/\/archive.sana.sy\/es\/wp-content\/uploads\/2023\/06\/AAA_2878-2048x1211.jpg 2048w\" sizes=\"(max-width: 2560px) 100vw, 2560px\" \/><\/a>\n\t\t\t<\/div><\/figure><figure class='gallery-item'>\n\t\t\t<div class='gallery-icon landscape'>\n\t\t\t\t<a href='https:\/\/archive.sana.sy\/es\/wp-content\/uploads\/2023\/06\/AAA_2884-scaled.jpg'><img loading=\"lazy\" decoding=\"async\" width=\"2560\" height=\"1604\" src=\"https:\/\/archive.sana.sy\/es\/wp-content\/uploads\/2023\/06\/AAA_2884-scaled.jpg\" class=\"attachment-full size-full\" alt=\"\" srcset=\"https:\/\/archive.sana.sy\/es\/wp-content\/uploads\/2023\/06\/AAA_2884-scaled.jpg 2560w, https:\/\/archive.sana.sy\/es\/wp-content\/uploads\/2023\/06\/AAA_2884-300x188.jpg 300w, https:\/\/archive.sana.sy\/es\/wp-content\/uploads\/2023\/06\/AAA_2884-1024x642.jpg 1024w, https:\/\/archive.sana.sy\/es\/wp-content\/uploads\/2023\/06\/AAA_2884-150x94.jpg 150w, https:\/\/archive.sana.sy\/es\/wp-content\/uploads\/2023\/06\/AAA_2884-768x481.jpg 768w, https:\/\/archive.sana.sy\/es\/wp-content\/uploads\/2023\/06\/AAA_2884-1536x962.jpg 1536w, https:\/\/archive.sana.sy\/es\/wp-content\/uploads\/2023\/06\/AAA_2884-2048x1283.jpg 2048w\" sizes=\"(max-width: 2560px) 100vw, 2560px\" \/><\/a>\n\t\t\t<\/div><\/figure><figure class='gallery-item'>\n\t\t\t<div class='gallery-icon landscape'>\n\t\t\t\t<a href='https:\/\/archive.sana.sy\/es\/wp-content\/uploads\/2023\/06\/AAA_2892-scaled.jpg'><img loading=\"lazy\" decoding=\"async\" width=\"2560\" height=\"1483\" src=\"https:\/\/archive.sana.sy\/es\/wp-content\/uploads\/2023\/06\/AAA_2892-scaled.jpg\" class=\"attachment-full size-full\" alt=\"\" srcset=\"https:\/\/archive.sana.sy\/es\/wp-content\/uploads\/2023\/06\/AAA_2892-scaled.jpg 2560w, https:\/\/archive.sana.sy\/es\/wp-content\/uploads\/2023\/06\/AAA_2892-300x174.jpg 300w, https:\/\/archive.sana.sy\/es\/wp-content\/uploads\/2023\/06\/AAA_2892-1024x593.jpg 1024w, https:\/\/archive.sana.sy\/es\/wp-content\/uploads\/2023\/06\/AAA_2892-150x87.jpg 150w, https:\/\/archive.sana.sy\/es\/wp-content\/uploads\/2023\/06\/AAA_2892-768x445.jpg 768w, https:\/\/archive.sana.sy\/es\/wp-content\/uploads\/2023\/06\/AAA_2892-1536x890.jpg 1536w, https:\/\/archive.sana.sy\/es\/wp-content\/uploads\/2023\/06\/AAA_2892-2048x1186.jpg 2048w\" sizes=\"(max-width: 2560px) 100vw, 2560px\" \/><\/a>\n\t\t\t<\/div><\/figure><figure class='gallery-item'>\n\t\t\t<div class='gallery-icon landscape'>\n\t\t\t\t<a href='https:\/\/archive.sana.sy\/es\/wp-content\/uploads\/2023\/06\/photo_2023-06-20_07-23-03-Copy-scaled.jpg'><img loading=\"lazy\" decoding=\"async\" width=\"2560\" height=\"1660\" src=\"https:\/\/archive.sana.sy\/es\/wp-content\/uploads\/2023\/06\/photo_2023-06-20_07-23-03-Copy-scaled.jpg\" class=\"attachment-full size-full\" alt=\"\" srcset=\"https:\/\/archive.sana.sy\/es\/wp-content\/uploads\/2023\/06\/photo_2023-06-20_07-23-03-Copy-scaled.jpg 2560w, https:\/\/archive.sana.sy\/es\/wp-content\/uploads\/2023\/06\/photo_2023-06-20_07-23-03-Copy-300x194.jpg 300w, https:\/\/archive.sana.sy\/es\/wp-content\/uploads\/2023\/06\/photo_2023-06-20_07-23-03-Copy-1024x664.jpg 1024w, https:\/\/archive.sana.sy\/es\/wp-content\/uploads\/2023\/06\/photo_2023-06-20_07-23-03-Copy-150x97.jpg 150w, https:\/\/archive.sana.sy\/es\/wp-content\/uploads\/2023\/06\/photo_2023-06-20_07-23-03-Copy-768x498.jpg 768w, https:\/\/archive.sana.sy\/es\/wp-content\/uploads\/2023\/06\/photo_2023-06-20_07-23-03-Copy-1536x996.jpg 1536w, https:\/\/archive.sana.sy\/es\/wp-content\/uploads\/2023\/06\/photo_2023-06-20_07-23-03-Copy-2048x1328.jpg 2048w\" sizes=\"(max-width: 2560px) 100vw, 2560px\" \/><\/a>\n\t\t\t<\/div><\/figure><figure class='gallery-item'>\n\t\t\t<div class='gallery-icon landscape'>\n\t\t\t\t<a href='https:\/\/archive.sana.sy\/es\/wp-content\/uploads\/2023\/06\/photo_2023-06-20_07-28-00-Copy-scaled.jpg'><img loading=\"lazy\" decoding=\"async\" width=\"2560\" height=\"1542\" src=\"https:\/\/archive.sana.sy\/es\/wp-content\/uploads\/2023\/06\/photo_2023-06-20_07-28-00-Copy-scaled.jpg\" class=\"attachment-full size-full\" alt=\"\" srcset=\"https:\/\/archive.sana.sy\/es\/wp-content\/uploads\/2023\/06\/photo_2023-06-20_07-28-00-Copy-scaled.jpg 2560w, https:\/\/archive.sana.sy\/es\/wp-content\/uploads\/2023\/06\/photo_2023-06-20_07-28-00-Copy-300x181.jpg 300w, https:\/\/archive.sana.sy\/es\/wp-content\/uploads\/2023\/06\/photo_2023-06-20_07-28-00-Copy-1024x617.jpg 1024w, https:\/\/archive.sana.sy\/es\/wp-content\/uploads\/2023\/06\/photo_2023-06-20_07-28-00-Copy-150x90.jpg 150w, https:\/\/archive.sana.sy\/es\/wp-content\/uploads\/2023\/06\/photo_2023-06-20_07-28-00-Copy-768x463.jpg 768w, https:\/\/archive.sana.sy\/es\/wp-content\/uploads\/2023\/06\/photo_2023-06-20_07-28-00-Copy-1536x925.jpg 1536w, https:\/\/archive.sana.sy\/es\/wp-content\/uploads\/2023\/06\/photo_2023-06-20_07-28-00-Copy-2048x1234.jpg 2048w\" sizes=\"(max-width: 2560px) 100vw, 2560px\" \/><\/a>\n\t\t\t<\/div><\/figure><figure class='gallery-item'>\n\t\t\t<div class='gallery-icon landscape'>\n\t\t\t\t<a href='https:\/\/archive.sana.sy\/es\/wp-content\/uploads\/2023\/06\/00.jpg'><img loading=\"lazy\" decoding=\"async\" width=\"660\" height=\"330\" src=\"https:\/\/archive.sana.sy\/es\/wp-content\/uploads\/2023\/06\/00.jpg\" class=\"attachment-full size-full\" alt=\"Vicecancilleres-Siria,-Rusia,-Ir\u00e1n-y-T\u00fcrkiye-se-re\u00fanen-en-Astan\u00e1\" srcset=\"https:\/\/archive.sana.sy\/es\/wp-content\/uploads\/2023\/06\/00.jpg 660w, https:\/\/archive.sana.sy\/es\/wp-content\/uploads\/2023\/06\/00-300x150.jpg 300w, https:\/\/archive.sana.sy\/es\/wp-content\/uploads\/2023\/06\/00-150x75.jpg 150w\" sizes=\"(max-width: 660px) 100vw, 660px\" \/><\/a>\n\t\t\t<\/div><\/figure>\n\t\t<\/div>\n\n<p style=\"text-align: justify;\">fm\/ed<\/p>\n","protected":false},"excerpt":{"rendered":"<p>\u00a0Consider\u00f3 que la lucha contra el terrorismo no debe ser selectiva y que la seguridad fronteriza es una responsabilidad compartida de los pa\u00edses vecinos. Astan\u00e1, 20 jun (SANA) Ayman Soussan, el ministro adjunto de Asuntos Exteriores y Expatriados, y jefe de la delegaci\u00f3n siria en la XX Reuni\u00f3n Internacional de Astan\u00e1 sobre Siria, afirm\u00f3 hoy &hellip;<\/p>\n","protected":false},"author":32,"featured_media":301327,"comment_status":"closed","ping_status":"closed","sticky":false,"template":"","format":"standard","meta":{"footnotes":""},"categories":[597,20724,467,583],"tags":[],"class_list":["post-301307","post","type-post","status-publish","format-standard","has-post-thumbnail","","category-cinta-de-noticias","category-minuto-a-minuto","category-siria-y-el-mundo","category-slide"],"_links":{"self":[{"href":"https:\/\/archive.sana.sy\/es\/index.php?rest_route=\/wp\/v2\/posts\/301307"}],"collection":[{"href":"https:\/\/archive.sana.sy\/es\/index.php?rest_route=\/wp\/v2\/posts"}],"about":[{"href":"https:\/\/archive.sana.sy\/es\/index.php?rest_route=\/wp\/v2\/types\/post"}],"author":[{"embeddable":true,"href":"https:\/\/archive.sana.sy\/es\/index.php?rest_route=\/wp\/v2\/users\/32"}],"replies":[{"embeddable":true,"href":"https:\/\/archive.sana.sy\/es\/index.php?rest_route=%2Fwp%2Fv2%2Fcomments&post=301307"}],"version-history":[{"count":3,"href":"https:\/\/archive.sana.sy\/es\/index.php?rest_route=\/wp\/v2\/posts\/301307\/revisions"}],"predecessor-version":[{"id":301393,"href":"https:\/\/archive.sana.sy\/es\/index.php?rest_route=\/wp\/v2\/posts\/301307\/revisions\/301393"}],"wp:featuredmedia":[{"embeddable":true,"href":"https:\/\/archive.sana.sy\/es\/index.php?rest_route=\/wp\/v2\/media\/301327"}],"wp:attachment":[{"href":"https:\/\/archive.sana.sy\/es\/index.php?rest_route=%2Fwp%2Fv2%2Fmedia&parent=301307"}],"wp:term":[{"taxonomy":"category","embeddable":true,"href":"https:\/\/archive.sana.sy\/es\/index.php?rest_route=%2Fwp%2Fv2%2Fcategories&post=301307"},{"taxonomy":"post_tag","embeddable":true,"href":"https:\/\/archive.sana.sy\/es\/index.php?rest_route=%2Fwp%2Fv2%2Ftags&post=301307"}],"curies":[{"name":"wp","href":"https:\/\/api.w.org\/{rel}","templated":true}]}}