{"id":301314,"date":"2023-06-20T12:43:24","date_gmt":"2023-06-20T09:43:24","guid":{"rendered":"http:\/\/sana.sy\/es\/?p=301314"},"modified":"2023-06-20T12:43:24","modified_gmt":"2023-06-20T09:43:24","slug":"capturan-en-siria-al-cabecilla-de-un-grupo-terrorista","status":"publish","type":"post","link":"https:\/\/archive.sana.sy\/es\/?p=301314","title":{"rendered":"Capturan en Siria al cabecilla de un grupo terrorista"},"content":{"rendered":"<blockquote>\n<p style=\"text-align: justify;\"><span style=\"color: #993300;\">Una fuente de seguridad confirm\u00f3 a SANA que el radical fue arrestado durante un operativo en las cercan\u00edas de la ciudad de Sheikh Maskin en la provincia de Deraa, a unos 100 kil\u00f3metros al sur de Damasco, la capital.<\/span><\/p>\n<\/blockquote>\n<p style=\"text-align: justify;\"><span style=\"color: #800000;\"><strong>Damasco, 20 jun (SANA)\u00a0<\/strong><\/span> \u00a0Las Fuerzas de Seguridad arrestaron hoy al cabecilla de un grupo terrorista responsable de varios atentados y acciones de asesinato contra militares y polic\u00edas en el sur de Siria.<\/p>\n<p style=\"text-align: justify;\">Una fuente de seguridad confirm\u00f3 a SANA que el radical fue arrestado durante un operativo en las cercan\u00edas de la ciudad de Sheikh Maskin en la provincia de Deraa, a unos 100 kil\u00f3metros al sur de Damasco, la capital.<\/p>\n<p style=\"text-align: justify;\">Agreg\u00f3 que un terrorista integrante del grupo fue eliminado, y se decomisaron sus armas.<\/p>\n<p style=\"text-align: justify;\">La fuente aclar\u00f3 que este grupo llev\u00f3 a cabo la semana pasada tres ataques que causaron la muerte de dos polic\u00edas y un soldado.<br \/>\nIndic\u00f3 que este grupo usaba motocicleta en sus ataques para desplazarse m\u00e1s f\u00e1cil entre los terrenos agr\u00edcolas.<\/p>\n<p style=\"text-align: justify;\">fm\/ed<\/p>\n","protected":false},"excerpt":{"rendered":"<p>Una fuente de seguridad confirm\u00f3 a SANA que el radical fue arrestado durante un operativo en las cercan\u00edas de la ciudad de Sheikh Maskin en la provincia de Deraa, a unos 100 kil\u00f3metros al sur de Damasco, la capital. Damasco, 20 jun (SANA)\u00a0 \u00a0Las Fuerzas de Seguridad arrestaron hoy al cabecilla de un grupo terrorista &hellip;<\/p>\n","protected":false},"author":32,"featured_media":301316,"comment_status":"closed","ping_status":"closed","sticky":false,"template":"","format":"standard","meta":{"footnotes":""},"categories":[477,447,597,20724,476,583],"tags":[],"class_list":["post-301314","post","type-post","status-publish","format-standard","has-post-thumbnail","","category-noticias-edulcorantes","category-local-politica","category-cinta-de-noticias","category-minuto-a-minuto","category-locales","category-slide"],"_links":{"self":[{"href":"https:\/\/archive.sana.sy\/es\/index.php?rest_route=\/wp\/v2\/posts\/301314"}],"collection":[{"href":"https:\/\/archive.sana.sy\/es\/index.php?rest_route=\/wp\/v2\/posts"}],"about":[{"href":"https:\/\/archive.sana.sy\/es\/index.php?rest_route=\/wp\/v2\/types\/post"}],"author":[{"embeddable":true,"href":"https:\/\/archive.sana.sy\/es\/index.php?rest_route=\/wp\/v2\/users\/32"}],"replies":[{"embeddable":true,"href":"https:\/\/archive.sana.sy\/es\/index.php?rest_route=%2Fwp%2Fv2%2Fcomments&post=301314"}],"version-history":[{"count":1,"href":"https:\/\/archive.sana.sy\/es\/index.php?rest_route=\/wp\/v2\/posts\/301314\/revisions"}],"predecessor-version":[{"id":301317,"href":"https:\/\/archive.sana.sy\/es\/index.php?rest_route=\/wp\/v2\/posts\/301314\/revisions\/301317"}],"wp:featuredmedia":[{"embeddable":true,"href":"https:\/\/archive.sana.sy\/es\/index.php?rest_route=\/wp\/v2\/media\/301316"}],"wp:attachment":[{"href":"https:\/\/archive.sana.sy\/es\/index.php?rest_route=%2Fwp%2Fv2%2Fmedia&parent=301314"}],"wp:term":[{"taxonomy":"category","embeddable":true,"href":"https:\/\/archive.sana.sy\/es\/index.php?rest_route=%2Fwp%2Fv2%2Fcategories&post=301314"},{"taxonomy":"post_tag","embeddable":true,"href":"https:\/\/archive.sana.sy\/es\/index.php?rest_route=%2Fwp%2Fv2%2Ftags&post=301314"}],"curies":[{"name":"wp","href":"https:\/\/api.w.org\/{rel}","templated":true}]}}