{"id":301336,"date":"2023-06-20T18:40:05","date_gmt":"2023-06-20T15:40:05","guid":{"rendered":"http:\/\/sana.sy\/es\/?p=301336"},"modified":"2023-06-20T21:20:57","modified_gmt":"2023-06-20T18:20:57","slug":"siria-saluda-resistencia-de-los-golaneses-al-ocupante-israeli","status":"publish","type":"post","link":"https:\/\/archive.sana.sy\/es\/?p=301336","title":{"rendered":"Siria saluda resistencia de los golaneses al ocupante israel\u00ed"},"content":{"rendered":"<p style=\"text-align: justify;\"><span style=\"color: #800000;\"><strong>Damasco, 20 jun (SANA)<\/strong> <\/span>El Ministerio de Asuntos Exteriores y Expatriados salud\u00f3 hoy la inquebrantable resistencia de los sirios en el Gol\u00e1n \u00e1rabe sirio ocupado.<\/p>\n<p style=\"text-align: justify;\">\u201cSentimos orgullosos de su posici\u00f3n honorable y de su continua lucha por rechazar el proyecto de ocupaci\u00f3n israel\u00ed destinado a robar cientos de hect\u00e1reas de tierras agr\u00edcolas del Gol\u00e1n \u00e1rabe sirio ocupado bajo el pretexto de construir aerogeneradores\u201d, afirm\u00f3 Canciller\u00eda por medio de un comunicado.<\/p>\n<p style=\"text-align: justify;\">Denunci\u00f3 los brutales ataques de las fuerzas de ocupaci\u00f3n israel\u00edes contra los golaneses y los consider\u00f3 una continuaci\u00f3n de las pol\u00edticas agresivas y cr\u00edmenes de \u201cIsrael\u201d, que constituyen una violaci\u00f3n flagrante del derecho internacional humanitario, los derechos humanos y las disposiciones de la Carta de las Naciones Unidas<\/p>\n<p style=\"text-align: justify;\">El comunicado reafirm\u00f3 que la ocupaci\u00f3n israel\u00ed del Gol\u00e1n debe cesar, y todos los proyectos del ocupante y sus planes de asentamientos ilegales son nulos y constituyen una flagrante violaci\u00f3n de la Resoluci\u00f3n del Consejo de Seguridad No. 497 de 1981, que consider\u00f3 la decisi\u00f3n de imponer sus leyes, jurisdicci\u00f3n y administraci\u00f3n en el Gol\u00e1n ocupado como nula y sin efecto legal internacional<\/p>\n<p style=\"text-align: justify;\">El Gol\u00e1n fue y seguir\u00e1 siendo una parte integral del territorio de la Rep\u00fablica \u00c1rabe Siria, y su regreso total a la patria llegar\u00e1 inevitablemente, y Siria y su pueblo no escatimar\u00e1n esfuerzos para su recuperaci\u00f3n, utilizando todos medios disponibles garantizados por el derecho internacional, por ser un derecho eterno que no caduca por prescripci\u00f3n, concluy\u00f3 el Ministerio su declaraci\u00f3n.<\/p>\n<p style=\"text-align: justify;\">fm\/la<\/p>\n","protected":false},"excerpt":{"rendered":"<p>Damasco, 20 jun (SANA) El Ministerio de Asuntos Exteriores y Expatriados salud\u00f3 hoy la inquebrantable resistencia de los sirios en el Gol\u00e1n \u00e1rabe sirio ocupado. \u201cSentimos orgullosos de su posici\u00f3n honorable y de su continua lucha por rechazar el proyecto de ocupaci\u00f3n israel\u00ed destinado a robar cientos de hect\u00e1reas de tierras agr\u00edcolas del Gol\u00e1n \u00e1rabe &hellip;<\/p>\n","protected":false},"author":24,"featured_media":301337,"comment_status":"closed","ping_status":"closed","sticky":false,"template":"","format":"standard","meta":{"footnotes":""},"categories":[447,597,20724,476,448,583],"tags":[11687,19691,6553],"class_list":["post-301336","post","type-post","status-publish","format-standard","has-post-thumbnail","","category-local-politica","category-cinta-de-noticias","category-minuto-a-minuto","category-locales","category-noticias","category-slide","tag-cancilleria","tag-golan","tag-siria"],"_links":{"self":[{"href":"https:\/\/archive.sana.sy\/es\/index.php?rest_route=\/wp\/v2\/posts\/301336"}],"collection":[{"href":"https:\/\/archive.sana.sy\/es\/index.php?rest_route=\/wp\/v2\/posts"}],"about":[{"href":"https:\/\/archive.sana.sy\/es\/index.php?rest_route=\/wp\/v2\/types\/post"}],"author":[{"embeddable":true,"href":"https:\/\/archive.sana.sy\/es\/index.php?rest_route=\/wp\/v2\/users\/24"}],"replies":[{"embeddable":true,"href":"https:\/\/archive.sana.sy\/es\/index.php?rest_route=%2Fwp%2Fv2%2Fcomments&post=301336"}],"version-history":[{"count":2,"href":"https:\/\/archive.sana.sy\/es\/index.php?rest_route=\/wp\/v2\/posts\/301336\/revisions"}],"predecessor-version":[{"id":301390,"href":"https:\/\/archive.sana.sy\/es\/index.php?rest_route=\/wp\/v2\/posts\/301336\/revisions\/301390"}],"wp:featuredmedia":[{"embeddable":true,"href":"https:\/\/archive.sana.sy\/es\/index.php?rest_route=\/wp\/v2\/media\/301337"}],"wp:attachment":[{"href":"https:\/\/archive.sana.sy\/es\/index.php?rest_route=%2Fwp%2Fv2%2Fmedia&parent=301336"}],"wp:term":[{"taxonomy":"category","embeddable":true,"href":"https:\/\/archive.sana.sy\/es\/index.php?rest_route=%2Fwp%2Fv2%2Fcategories&post=301336"},{"taxonomy":"post_tag","embeddable":true,"href":"https:\/\/archive.sana.sy\/es\/index.php?rest_route=%2Fwp%2Fv2%2Ftags&post=301336"}],"curies":[{"name":"wp","href":"https:\/\/api.w.org\/{rel}","templated":true}]}}