{"id":301339,"date":"2023-06-20T18:24:10","date_gmt":"2023-06-20T15:24:10","guid":{"rendered":"http:\/\/sana.sy\/es\/?p=301339"},"modified":"2023-06-20T18:24:19","modified_gmt":"2023-06-20T15:24:19","slug":"siria-exige-cronograma-claro-y-pasos-especificos-de-la-retirada-turca-del-pais","status":"publish","type":"post","link":"https:\/\/archive.sana.sy\/es\/?p=301339","title":{"rendered":"Siria exige cronograma claro y pasos espec\u00edficos de la retirada turca del pa\u00eds"},"content":{"rendered":"<p style=\"text-align: justify\"><span style=\"color: #800000\"><strong>Astan\u00e1, 20 jun (SANA)<\/strong> <\/span>El viceministro sirio de Asuntos Exteriores, Ayman Sousan, exigi\u00f3 hoy un cronograma claro y pasos espec\u00edficos para la retirada de las fuerzas turcas del territorio sirio.<\/p>\n<p style=\"text-align: justify\">El diplom\u00e1tico afirm\u00f3 durante una reuni\u00f3n de los vicecancilleres de Siria, Rusia, Ir\u00e1n y Turqu\u00eda en Astan\u00e1, que cualquier resultado real del proceso de Astan\u00e1 debe basarse en la aceptaci\u00f3n de Ankara de retirar sus fuerzas del territorio sirio de acuerdo con un cronograma claro y pasos espec\u00edficos.<\/p>\n<p style=\"text-align: justify\">Las declaraciones turcas sobre la soberan\u00eda e integridad territorial de Siria son incompatibles con su continua ocupaci\u00f3n de territorio sirio, y violan el derecho internacional y los elementos m\u00e1s b\u00e1sicos de las relaciones entre pa\u00edses.<\/p>\n<p style=\"text-align: justify\">fm\/la<\/p>\n","protected":false},"excerpt":{"rendered":"<p>Astan\u00e1, 20 jun (SANA) El viceministro sirio de Asuntos Exteriores, Ayman Sousan, exigi\u00f3 hoy un cronograma claro y pasos espec\u00edficos para la retirada de las fuerzas turcas del territorio sirio. El diplom\u00e1tico afirm\u00f3 durante una reuni\u00f3n de los vicecancilleres de Siria, Rusia, Ir\u00e1n y Turqu\u00eda en Astan\u00e1, que cualquier resultado real del proceso de Astan\u00e1 &hellip;<\/p>\n","protected":false},"author":24,"featured_media":301340,"comment_status":"closed","ping_status":"closed","sticky":false,"template":"","format":"standard","meta":{"footnotes":""},"categories":[447,597,20724,448,467,7541],"tags":[10425,22180,6553,22179],"class_list":["post-301339","post","type-post","status-publish","format-standard","has-post-thumbnail","","category-local-politica","category-cinta-de-noticias","category-minuto-a-minuto","category-noticias","category-siria-y-el-mundo","category-ultimas-noticias","tag-astana","tag-retirada-de-turkiye","tag-siria","tag-sousan"],"_links":{"self":[{"href":"https:\/\/archive.sana.sy\/es\/index.php?rest_route=\/wp\/v2\/posts\/301339"}],"collection":[{"href":"https:\/\/archive.sana.sy\/es\/index.php?rest_route=\/wp\/v2\/posts"}],"about":[{"href":"https:\/\/archive.sana.sy\/es\/index.php?rest_route=\/wp\/v2\/types\/post"}],"author":[{"embeddable":true,"href":"https:\/\/archive.sana.sy\/es\/index.php?rest_route=\/wp\/v2\/users\/24"}],"replies":[{"embeddable":true,"href":"https:\/\/archive.sana.sy\/es\/index.php?rest_route=%2Fwp%2Fv2%2Fcomments&post=301339"}],"version-history":[{"count":1,"href":"https:\/\/archive.sana.sy\/es\/index.php?rest_route=\/wp\/v2\/posts\/301339\/revisions"}],"predecessor-version":[{"id":301341,"href":"https:\/\/archive.sana.sy\/es\/index.php?rest_route=\/wp\/v2\/posts\/301339\/revisions\/301341"}],"wp:featuredmedia":[{"embeddable":true,"href":"https:\/\/archive.sana.sy\/es\/index.php?rest_route=\/wp\/v2\/media\/301340"}],"wp:attachment":[{"href":"https:\/\/archive.sana.sy\/es\/index.php?rest_route=%2Fwp%2Fv2%2Fmedia&parent=301339"}],"wp:term":[{"taxonomy":"category","embeddable":true,"href":"https:\/\/archive.sana.sy\/es\/index.php?rest_route=%2Fwp%2Fv2%2Fcategories&post=301339"},{"taxonomy":"post_tag","embeddable":true,"href":"https:\/\/archive.sana.sy\/es\/index.php?rest_route=%2Fwp%2Fv2%2Ftags&post=301339"}],"curies":[{"name":"wp","href":"https:\/\/api.w.org\/{rel}","templated":true}]}}