{"id":301350,"date":"2023-06-20T18:56:00","date_gmt":"2023-06-20T15:56:00","guid":{"rendered":"http:\/\/sana.sy\/es\/?p=301350"},"modified":"2023-06-20T18:56:00","modified_gmt":"2023-06-20T15:56:00","slug":"vicecanciller-sirio-aborda-con-pedersen-los-ultimos-acontecimientos-en-el-escenario-sirio","status":"publish","type":"post","link":"https:\/\/archive.sana.sy\/es\/?p=301350","title":{"rendered":"Vicecanciller sirio aborda con Pedersen los \u00faltimos acontecimientos en el escenario sirio"},"content":{"rendered":"<p style=\"text-align: justify\"><span style=\"color: #800000\"><strong>Astan\u00e1, 20 jun (SANA)<\/strong><\/span> El viceministro de Exteriores y Expatriados, Ayman Soussan, se reuni\u00f3 hoy con el enviado especial del Secretario General de las Naciones Unidas para Siria, Geir Pedersen, al margen de la 20\u00aa cumbre internacional sobre Siria en el formato \u201cAstan\u00e1\u201d.<\/p>\n<p style=\"text-align: justify\">Las dos partes abordaron una serie de temas relacionados con la misi\u00f3n del Enviado Especial, as\u00ed como revisaron los \u00faltimos acontecimientos en el escenario sirio.<\/p>\n<p style=\"text-align: justify\">M\u00e1s temprano, la delegaci\u00f3n siria sostuvo dos encuentros por separado, con la delegaci\u00f3n rusa y la delegaci\u00f3n iran\u00ed, en los cuales se debati\u00f3 la agenda de la vig\u00e9sima reuni\u00f3n internacional de Astan\u00e1 sobre Siria.<\/p>\n<p style=\"text-align: justify\">\nla<\/p>\n","protected":false},"excerpt":{"rendered":"<p>Astan\u00e1, 20 jun (SANA) El viceministro de Exteriores y Expatriados, Ayman Soussan, se reuni\u00f3 hoy con el enviado especial del Secretario General de las Naciones Unidas para Siria, Geir Pedersen, al margen de la 20\u00aa cumbre internacional sobre Siria en el formato \u201cAstan\u00e1\u201d. Las dos partes abordaron una serie de temas relacionados con la misi\u00f3n &hellip;<\/p>\n","protected":false},"author":24,"featured_media":301351,"comment_status":"closed","ping_status":"closed","sticky":false,"template":"","format":"standard","meta":{"footnotes":""},"categories":[447,597,20724,448,467,7541],"tags":[10425,20070,6553,22183],"class_list":["post-301350","post","type-post","status-publish","format-standard","has-post-thumbnail","","category-local-politica","category-cinta-de-noticias","category-minuto-a-minuto","category-noticias","category-siria-y-el-mundo","category-ultimas-noticias","tag-astana","tag-pedersen","tag-siria","tag-vicecanciller-sirio"],"_links":{"self":[{"href":"https:\/\/archive.sana.sy\/es\/index.php?rest_route=\/wp\/v2\/posts\/301350"}],"collection":[{"href":"https:\/\/archive.sana.sy\/es\/index.php?rest_route=\/wp\/v2\/posts"}],"about":[{"href":"https:\/\/archive.sana.sy\/es\/index.php?rest_route=\/wp\/v2\/types\/post"}],"author":[{"embeddable":true,"href":"https:\/\/archive.sana.sy\/es\/index.php?rest_route=\/wp\/v2\/users\/24"}],"replies":[{"embeddable":true,"href":"https:\/\/archive.sana.sy\/es\/index.php?rest_route=%2Fwp%2Fv2%2Fcomments&post=301350"}],"version-history":[{"count":1,"href":"https:\/\/archive.sana.sy\/es\/index.php?rest_route=\/wp\/v2\/posts\/301350\/revisions"}],"predecessor-version":[{"id":301352,"href":"https:\/\/archive.sana.sy\/es\/index.php?rest_route=\/wp\/v2\/posts\/301350\/revisions\/301352"}],"wp:featuredmedia":[{"embeddable":true,"href":"https:\/\/archive.sana.sy\/es\/index.php?rest_route=\/wp\/v2\/media\/301351"}],"wp:attachment":[{"href":"https:\/\/archive.sana.sy\/es\/index.php?rest_route=%2Fwp%2Fv2%2Fmedia&parent=301350"}],"wp:term":[{"taxonomy":"category","embeddable":true,"href":"https:\/\/archive.sana.sy\/es\/index.php?rest_route=%2Fwp%2Fv2%2Fcategories&post=301350"},{"taxonomy":"post_tag","embeddable":true,"href":"https:\/\/archive.sana.sy\/es\/index.php?rest_route=%2Fwp%2Fv2%2Ftags&post=301350"}],"curies":[{"name":"wp","href":"https:\/\/api.w.org\/{rel}","templated":true}]}}