{"id":301407,"date":"2023-06-21T09:37:07","date_gmt":"2023-06-21T06:37:07","guid":{"rendered":"http:\/\/sana.sy\/es\/?p=301407"},"modified":"2023-06-21T09:37:07","modified_gmt":"2023-06-21T06:37:07","slug":"no-puede-haber-relaciones-normales-entre-dos-paises-uno-de-ellos-ocupa-las-tierras-del-otro-afirma-siria","status":"publish","type":"post","link":"https:\/\/archive.sana.sy\/es\/?p=301407","title":{"rendered":"No puede haber relaciones normales entre dos pa\u00edses, uno de ellos ocupa las tierras del otro, afirma Siria"},"content":{"rendered":"<blockquote>\n<p style=\"text-align: justify;\"><span style=\"color: #993300;\">La normalizaci\u00f3n de las relaciones entre Siria y Turqu\u00eda requiere el compromiso de Ankara con los acuerdos de Astan\u00e1, especialmente el respeto a la soberan\u00eda, unidad e integridad territorial de Siria, adem\u00e1s de aprobar la retirada de sus fuerzas del territorio sirio de acuerdo con un cronograma clara y espec\u00edfico, y de hecho comenzar ya a implementar esta retirada.<\/span><\/p>\n<\/blockquote>\n<p style=\"text-align: justify;\"><span style=\"color: #800000;\"><strong>Astan\u00e1, 21 jun (SANA)<\/strong> <\/span>El viceministro sirio de Asuntos Exteriores, Ayman Sousan, afirm\u00f3 que no puede haber relaciones normales entre dos pa\u00edses, uno de los cuales ocupa las tierras del otro.<\/p>\n<p style=\"text-align: justify;\">Esto no es posible desde el punto de vista del derecho internacional porque es una flagrante violaci\u00f3n de la soberan\u00eda de los estados, dijo el Vicecanciller en una entrevista concedida al canal Russia Today en el marco de la participaci\u00f3n en la XX Reuni\u00f3n Internacional de Astan\u00e1 sobre Siria.<\/p>\n<p style=\"text-align: justify;\">Consider\u00f3 que la normalizaci\u00f3n de las relaciones entre Siria y Turqu\u00eda requiere el compromiso de Ankara con los acuerdos de Astan\u00e1, especialmente el respeto a la soberan\u00eda, unidad e integridad territorial de Siria, adem\u00e1s de aprobar la retirada de sus fuerzas del territorio sirio de acuerdo con un cronograma clara y espec\u00edfico, y de hecho comenzar ya a implementar esta retirada.<\/p>\n<p style=\"text-align: justify;\">Seg\u00fan el diplom\u00e1tico, las reuniones de Astan\u00e1 lograron cosas importantes en t\u00e9rminos de reducir las \u00e1reas controladas por el terrorismo en Siria, principalmente en las tres zonas de desescalada, mientras en la cuarta zona de distenci\u00f3n (Idlib) habr\u00eda tenido \u00e9xito si no fuera por las posiciones de Turqu\u00eda, que sigue brindando apoyo y patrocinio a grupos terroristas.<\/p>\n<p style=\"text-align: justify;\">En cuanto a la presencia estadounidense y su respaldo al proyecto separatista en el nordeste del pa\u00eds, Sousan dijo que \u201cesto se enmarca dentro de la pol\u00edtica estadounidense de impedir la consolidaci\u00f3n de la estabilidad en Siria\u201d.<\/p>\n<p style=\"text-align: justify;\">Les decimos a todos los lacayos de Washington, que el estadounidense no se quedar\u00e1 para siempre en Siria, y tarde o temprano se ir\u00e1, y ustedes no significan nada para \u00e9l, sino una herramienta para implementar su proyecto separatista, aclar\u00f3.<\/p>\n<p style=\"text-align: justify;\">Con respecto al continuo apoyo de Washington a la organizaci\u00f3n terrorista (Daesh, el Viceministro destac\u00f3 que la organizaci\u00f3n es una industria estadounidense y esto es comprobado, pues Washington la mueve y la utiliza en el momento que quiere lograr sus objetivos.<\/p>\n<p style=\"text-align: justify;\">Denunci\u00f3 que los estadounidenses hoy trabajan para la formaci\u00f3n de nuevas organizaciones terroristas con el objetivo de prolongar la crisis en Siria.<\/p>\n<p style=\"text-align: justify;\">fm\/as<\/p>\n","protected":false},"excerpt":{"rendered":"<p>La normalizaci\u00f3n de las relaciones entre Siria y Turqu\u00eda requiere el compromiso de Ankara con los acuerdos de Astan\u00e1, especialmente el respeto a la soberan\u00eda, unidad e integridad territorial de Siria, adem\u00e1s de aprobar la retirada de sus fuerzas del territorio sirio de acuerdo con un cronograma clara y espec\u00edfico, y de hecho comenzar ya &hellip;<\/p>\n","protected":false},"author":42,"featured_media":301408,"comment_status":"closed","ping_status":"closed","sticky":false,"template":"","format":"standard","meta":{"footnotes":""},"categories":[477,447,597,456,467,583],"tags":[],"class_list":["post-301407","post","type-post","status-publish","format-standard","has-post-thumbnail","","category-noticias-edulcorantes","category-local-politica","category-cinta-de-noticias","category-arabe-internacional-politica","category-siria-y-el-mundo","category-slide"],"_links":{"self":[{"href":"https:\/\/archive.sana.sy\/es\/index.php?rest_route=\/wp\/v2\/posts\/301407"}],"collection":[{"href":"https:\/\/archive.sana.sy\/es\/index.php?rest_route=\/wp\/v2\/posts"}],"about":[{"href":"https:\/\/archive.sana.sy\/es\/index.php?rest_route=\/wp\/v2\/types\/post"}],"author":[{"embeddable":true,"href":"https:\/\/archive.sana.sy\/es\/index.php?rest_route=\/wp\/v2\/users\/42"}],"replies":[{"embeddable":true,"href":"https:\/\/archive.sana.sy\/es\/index.php?rest_route=%2Fwp%2Fv2%2Fcomments&post=301407"}],"version-history":[{"count":1,"href":"https:\/\/archive.sana.sy\/es\/index.php?rest_route=\/wp\/v2\/posts\/301407\/revisions"}],"predecessor-version":[{"id":301409,"href":"https:\/\/archive.sana.sy\/es\/index.php?rest_route=\/wp\/v2\/posts\/301407\/revisions\/301409"}],"wp:featuredmedia":[{"embeddable":true,"href":"https:\/\/archive.sana.sy\/es\/index.php?rest_route=\/wp\/v2\/media\/301408"}],"wp:attachment":[{"href":"https:\/\/archive.sana.sy\/es\/index.php?rest_route=%2Fwp%2Fv2%2Fmedia&parent=301407"}],"wp:term":[{"taxonomy":"category","embeddable":true,"href":"https:\/\/archive.sana.sy\/es\/index.php?rest_route=%2Fwp%2Fv2%2Fcategories&post=301407"},{"taxonomy":"post_tag","embeddable":true,"href":"https:\/\/archive.sana.sy\/es\/index.php?rest_route=%2Fwp%2Fv2%2Ftags&post=301407"}],"curies":[{"name":"wp","href":"https:\/\/api.w.org\/{rel}","templated":true}]}}