{"id":301415,"date":"2023-06-21T15:35:12","date_gmt":"2023-06-21T12:35:12","guid":{"rendered":"https:\/\/sanasyria.org\/es\/?p=301415"},"modified":"2023-06-21T21:41:02","modified_gmt":"2023-06-21T18:41:02","slug":"ataque-ucraniano-con-tres-drones-contra-moscu","status":"publish","type":"post","link":"https:\/\/archive.sana.sy\/es\/?p=301415","title":{"rendered":"Ataque ucraniano con tres drones contra Mosc\u00fa"},"content":{"rendered":"<blockquote>\n<p style=\"text-align: justify;\"><span style=\"color: #993300;\">Tres veh\u00edculos a\u00e9reos no tripulados fueron eliminados por medios de guerra electr\u00f3nica, por lo que perdieron el control y se estrellaron.<\/span><\/p>\n<\/blockquote>\n<p style=\"text-align: justify;\"><span style=\"color: #800000;\"><strong>Mosc\u00fa, 21 jun (SANA)<\/strong> <\/span>Las defensas a\u00e9reas de las Fuerzas Armadas de Rusia frustraron hoy un intento de ataque terrorista por parte de Ucrania contra la provincia de Mosc\u00fa.<\/p>\n<p style=\"text-align: justify;\">El Ministerio de Defensa inform\u00f3 que tres veh\u00edculos a\u00e9reos no tripulados fueron eliminados por medios de guerra electr\u00f3nica, por lo que perdieron el control y se estrellaron.<\/p>\n<p style=\"text-align: justify;\">Agreg\u00f3 que no se registraron v\u00edctimas ni da\u00f1os a consecuencia del ataque terrorista fallido.<\/p>\n<p style=\"text-align: justify;\">A su vez, el gobernador de la regi\u00f3n de Mosc\u00fa, Andr\u00e9i Vorobiov, confirm\u00f3 que tres veh\u00edculos a\u00e9reos no tripulados cayeron en la localidad de Kal\u00edninets, en el distrito urbano de Naro-Fominsk de esa regi\u00f3n.<\/p>\n<p style=\"text-align: justify;\">fm\/ed<\/p>\n","protected":false},"excerpt":{"rendered":"<p>Tres veh\u00edculos a\u00e9reos no tripulados fueron eliminados por medios de guerra electr\u00f3nica, por lo que perdieron el control y se estrellaron. Mosc\u00fa, 21 jun (SANA) Las defensas a\u00e9reas de las Fuerzas Armadas de Rusia frustraron hoy un intento de ataque terrorista por parte de Ucrania contra la provincia de Mosc\u00fa. El Ministerio de Defensa inform\u00f3 &hellip;<\/p>\n","protected":false},"author":32,"featured_media":301417,"comment_status":"closed","ping_status":"closed","sticky":false,"template":"","format":"standard","meta":{"footnotes":""},"categories":[597,456,16687,20724],"tags":[],"class_list":["post-301415","post","type-post","status-publish","format-standard","has-post-thumbnail","","category-cinta-de-noticias","category-arabe-internacional-politica","category-internacionales","category-minuto-a-minuto"],"_links":{"self":[{"href":"https:\/\/archive.sana.sy\/es\/index.php?rest_route=\/wp\/v2\/posts\/301415"}],"collection":[{"href":"https:\/\/archive.sana.sy\/es\/index.php?rest_route=\/wp\/v2\/posts"}],"about":[{"href":"https:\/\/archive.sana.sy\/es\/index.php?rest_route=\/wp\/v2\/types\/post"}],"author":[{"embeddable":true,"href":"https:\/\/archive.sana.sy\/es\/index.php?rest_route=\/wp\/v2\/users\/32"}],"replies":[{"embeddable":true,"href":"https:\/\/archive.sana.sy\/es\/index.php?rest_route=%2Fwp%2Fv2%2Fcomments&post=301415"}],"version-history":[{"count":4,"href":"https:\/\/archive.sana.sy\/es\/index.php?rest_route=\/wp\/v2\/posts\/301415\/revisions"}],"predecessor-version":[{"id":301503,"href":"https:\/\/archive.sana.sy\/es\/index.php?rest_route=\/wp\/v2\/posts\/301415\/revisions\/301503"}],"wp:featuredmedia":[{"embeddable":true,"href":"https:\/\/archive.sana.sy\/es\/index.php?rest_route=\/wp\/v2\/media\/301417"}],"wp:attachment":[{"href":"https:\/\/archive.sana.sy\/es\/index.php?rest_route=%2Fwp%2Fv2%2Fmedia&parent=301415"}],"wp:term":[{"taxonomy":"category","embeddable":true,"href":"https:\/\/archive.sana.sy\/es\/index.php?rest_route=%2Fwp%2Fv2%2Fcategories&post=301415"},{"taxonomy":"post_tag","embeddable":true,"href":"https:\/\/archive.sana.sy\/es\/index.php?rest_route=%2Fwp%2Fv2%2Ftags&post=301415"}],"curies":[{"name":"wp","href":"https:\/\/api.w.org\/{rel}","templated":true}]}}