{"id":301521,"date":"2023-06-22T11:29:10","date_gmt":"2023-06-22T08:29:10","guid":{"rendered":"https:\/\/sana.sy\/es\/?p=301521"},"modified":"2023-06-22T11:29:10","modified_gmt":"2023-06-22T08:29:10","slug":"tropas-israelies-detonan-la-casa-de-un-prisionero-palestino","status":"publish","type":"post","link":"https:\/\/archive.sana.sy\/es\/?p=301521","title":{"rendered":"Tropas israel\u00edes detonan la casa de un prisionero palestino"},"content":{"rendered":"<p style=\"text-align: justify;\"><span style=\"color: #800000;\"><strong>Jerusal\u00e9n ocupad, 22 jun (SANA) <\/strong><\/span>Las fuerzas de ocupaci\u00f3n israel\u00edes detonaron hoy la casa de la familia del prisionero Kamal Jouri, en la ciudad de Naplusa en Cisjordania.<\/p>\n<p style=\"text-align: justify;\">La agencia de noticias Wafa difundi\u00f3 que los militares israel\u00edes irrumpieron en la ciudad y rodearon la vivienda del prisionero y la volaron.<\/p>\n<p style=\"text-align: justify;\">El director de Servicios de Emergencias de la Media Luna Roja, Ahmed Jibril, confirm\u00f3 que las fuerzas de ocupaci\u00f3n abrieron el fuego de sus armas contra los palestinos, provocando 165 casos de asfixia a consecuencia d elas bombas de gas lacrim\u00f3geno.<\/p>\n<p style=\"text-align: justify;\">El d\u00eda 13 de febrero pasado, las fuerzas de ocupaci\u00f3n arrestaron al prisionero Kamal Jouri tras llevar a cabo un ataque contra las fuerzas del ocupante.<\/p>\n<p style=\"text-align: justify;\">as\/fm<\/p>\n","protected":false},"excerpt":{"rendered":"<p>Jerusal\u00e9n ocupad, 22 jun (SANA) Las fuerzas de ocupaci\u00f3n israel\u00edes detonaron hoy la casa de la familia del prisionero Kamal Jouri, en la ciudad de Naplusa en Cisjordania. La agencia de noticias Wafa difundi\u00f3 que los militares israel\u00edes irrumpieron en la ciudad y rodearon la vivienda del prisionero y la volaron. El director de Servicios &hellip;<\/p>\n","protected":false},"author":42,"featured_media":301523,"comment_status":"closed","ping_status":"closed","sticky":false,"template":"","format":"standard","meta":{"footnotes":""},"categories":[597,456,16687,20724,7541],"tags":[],"class_list":["post-301521","post","type-post","status-publish","format-standard","has-post-thumbnail","","category-cinta-de-noticias","category-arabe-internacional-politica","category-internacionales","category-minuto-a-minuto","category-ultimas-noticias"],"_links":{"self":[{"href":"https:\/\/archive.sana.sy\/es\/index.php?rest_route=\/wp\/v2\/posts\/301521"}],"collection":[{"href":"https:\/\/archive.sana.sy\/es\/index.php?rest_route=\/wp\/v2\/posts"}],"about":[{"href":"https:\/\/archive.sana.sy\/es\/index.php?rest_route=\/wp\/v2\/types\/post"}],"author":[{"embeddable":true,"href":"https:\/\/archive.sana.sy\/es\/index.php?rest_route=\/wp\/v2\/users\/42"}],"replies":[{"embeddable":true,"href":"https:\/\/archive.sana.sy\/es\/index.php?rest_route=%2Fwp%2Fv2%2Fcomments&post=301521"}],"version-history":[{"count":1,"href":"https:\/\/archive.sana.sy\/es\/index.php?rest_route=\/wp\/v2\/posts\/301521\/revisions"}],"predecessor-version":[{"id":301524,"href":"https:\/\/archive.sana.sy\/es\/index.php?rest_route=\/wp\/v2\/posts\/301521\/revisions\/301524"}],"wp:featuredmedia":[{"embeddable":true,"href":"https:\/\/archive.sana.sy\/es\/index.php?rest_route=\/wp\/v2\/media\/301523"}],"wp:attachment":[{"href":"https:\/\/archive.sana.sy\/es\/index.php?rest_route=%2Fwp%2Fv2%2Fmedia&parent=301521"}],"wp:term":[{"taxonomy":"category","embeddable":true,"href":"https:\/\/archive.sana.sy\/es\/index.php?rest_route=%2Fwp%2Fv2%2Fcategories&post=301521"},{"taxonomy":"post_tag","embeddable":true,"href":"https:\/\/archive.sana.sy\/es\/index.php?rest_route=%2Fwp%2Fv2%2Ftags&post=301521"}],"curies":[{"name":"wp","href":"https:\/\/api.w.org\/{rel}","templated":true}]}}