{"id":301525,"date":"2023-06-22T11:43:31","date_gmt":"2023-06-22T08:43:31","guid":{"rendered":"https:\/\/sana.sy\/es\/?p=301525"},"modified":"2023-06-22T11:43:31","modified_gmt":"2023-06-22T08:43:31","slug":"revelan-que-fuerzas-estadounidenses-coordinan-con-terroristas-para-llevar-a-cabo-ataques-en-siria","status":"publish","type":"post","link":"https:\/\/archive.sana.sy\/es\/?p=301525","title":{"rendered":"Revelan que fuerzas estadounidenses coordinan con terroristas para llevar a cabo ataques en Siria"},"content":{"rendered":"<blockquote>\n<p style=\"text-align: justify;\"><span style=\"color: #993300;\">Seg\u00fan el alto funcionario, los servicios de inteligencia de EE.UU. contin\u00faan trabajando con elementos terroristas extremistas en Siria a trav\u00e9s de sus bases militares ilegales all\u00ed, con el objetivo de llevar a cabo m\u00e1s actos terroristas y de sabotaje en territorio sirio.<\/span><\/p>\n<\/blockquote>\n<p style=\"text-align: justify;\"><span style=\"color: #800000;\"><strong>Mosc\u00fa, 22 jun (SANA)<\/strong> <\/span>El enviado especial del Presidente de Rusia a Siria, Alexander Lavrentiev, anunci\u00f3 hoy que las fuerzas de ocupaci\u00f3n estadounidenses siguen coordinando con las organizaciones terroristas en Siria, con el objetivo de llevar a cabo m\u00e1s ataques terroristas en esta naci\u00f3n del Levante.<\/p>\n<p style=\"text-align: justify;\">\u201cDisponemos de informaciones de que Estados Unidos est\u00e1 fortaleciendo sus fuerzas en laszonas que ocupa en el noreste de Siria y en la regi\u00f3n de Al-Tanf\u201d, dijo Lavrentiev en una entrevista con la agencia Novosti.<\/p>\n<p style=\"text-align: justify;\">Agreg\u00f3 que esta medida puede ser resultado del endurecimiento de la postura estadounidense hacia Damasco y los intentos de Washington de desestabilizar Siria.<img loading=\"lazy\" decoding=\"async\" class=\"size-medium wp-image-301528 alignright\" src=\"http:\/\/sana.sy\/es\/wp-content\/uploads\/2023\/06\/\u0644\u0627\u0641\u0631\u0646\u062a\u064a\u064a\u0641-1-660x330-1-300x150.jpg\" alt=\"\" width=\"300\" height=\"150\" srcset=\"https:\/\/archive.sana.sy\/es\/wp-content\/uploads\/2023\/06\/\u0644\u0627\u0641\u0631\u0646\u062a\u064a\u064a\u0641-1-660x330-1-300x150.jpg 300w, https:\/\/archive.sana.sy\/es\/wp-content\/uploads\/2023\/06\/\u0644\u0627\u0641\u0631\u0646\u062a\u064a\u064a\u0641-1-660x330-1-150x75.jpg 150w, https:\/\/archive.sana.sy\/es\/wp-content\/uploads\/2023\/06\/\u0644\u0627\u0641\u0631\u0646\u062a\u064a\u064a\u0641-1-660x330-1.jpg 660w\" sizes=\"(max-width: 300px) 100vw, 300px\" \/><\/p>\n<p style=\"text-align: justify;\">Seg\u00fan el alto funcionario, los servicios de inteligencia de EE.UU. contin\u00faan trabajando con elementos terroristas extremistas en Siria a trav\u00e9s de sus bases militares ilegales all\u00ed, con el objetivo de llevar a cabo m\u00e1s actos terroristas y de sabotaje en territorio sirio.<\/p>\n<p style=\"text-align: justify;\">Bajo el pretexto de luchar contra el terrorismo, Washington tiene en Siria al menos una docena de bases, en su mayor\u00eda en los campos de petr\u00f3leo y gas en la regi\u00f3n nororiental de Al-Jazzira, principalmente en Hasakeh, mientras mantiene una en la zona de Tanef en la frontera con Iraq para impedir cualquier comunicaci\u00f3n terrestre entre estos dos pa\u00edses.<\/p>\n<p style=\"text-align: justify;\">El Gobierno de Damasco denunci\u00f3 repetidamente esta presencia ilegal a la cual calific\u00f3 de ocupaci\u00f3n, y asegur\u00f3 que las acciones norteamericanas en Siria incentivan la actividad terrorista y apuntan a desestabilizar el pa\u00eds y saquear sus riquezas.<\/p>\n<p style=\"text-align: justify;\">fm\/as<\/p>\n","protected":false},"excerpt":{"rendered":"<p>Seg\u00fan el alto funcionario, los servicios de inteligencia de EE.UU. contin\u00faan trabajando con elementos terroristas extremistas en Siria a trav\u00e9s de sus bases militares ilegales all\u00ed, con el objetivo de llevar a cabo m\u00e1s actos terroristas y de sabotaje en territorio sirio. Mosc\u00fa, 22 jun (SANA) El enviado especial del Presidente de Rusia a Siria, &hellip;<\/p>\n","protected":false},"author":42,"featured_media":301527,"comment_status":"closed","ping_status":"closed","sticky":false,"template":"","format":"standard","meta":{"footnotes":""},"categories":[597,456,16687,20724,583],"tags":[],"class_list":["post-301525","post","type-post","status-publish","format-standard","has-post-thumbnail","","category-cinta-de-noticias","category-arabe-internacional-politica","category-internacionales","category-minuto-a-minuto","category-slide"],"_links":{"self":[{"href":"https:\/\/archive.sana.sy\/es\/index.php?rest_route=\/wp\/v2\/posts\/301525"}],"collection":[{"href":"https:\/\/archive.sana.sy\/es\/index.php?rest_route=\/wp\/v2\/posts"}],"about":[{"href":"https:\/\/archive.sana.sy\/es\/index.php?rest_route=\/wp\/v2\/types\/post"}],"author":[{"embeddable":true,"href":"https:\/\/archive.sana.sy\/es\/index.php?rest_route=\/wp\/v2\/users\/42"}],"replies":[{"embeddable":true,"href":"https:\/\/archive.sana.sy\/es\/index.php?rest_route=%2Fwp%2Fv2%2Fcomments&post=301525"}],"version-history":[{"count":1,"href":"https:\/\/archive.sana.sy\/es\/index.php?rest_route=\/wp\/v2\/posts\/301525\/revisions"}],"predecessor-version":[{"id":301529,"href":"https:\/\/archive.sana.sy\/es\/index.php?rest_route=\/wp\/v2\/posts\/301525\/revisions\/301529"}],"wp:featuredmedia":[{"embeddable":true,"href":"https:\/\/archive.sana.sy\/es\/index.php?rest_route=\/wp\/v2\/media\/301527"}],"wp:attachment":[{"href":"https:\/\/archive.sana.sy\/es\/index.php?rest_route=%2Fwp%2Fv2%2Fmedia&parent=301525"}],"wp:term":[{"taxonomy":"category","embeddable":true,"href":"https:\/\/archive.sana.sy\/es\/index.php?rest_route=%2Fwp%2Fv2%2Fcategories&post=301525"},{"taxonomy":"post_tag","embeddable":true,"href":"https:\/\/archive.sana.sy\/es\/index.php?rest_route=%2Fwp%2Fv2%2Ftags&post=301525"}],"curies":[{"name":"wp","href":"https:\/\/api.w.org\/{rel}","templated":true}]}}