{"id":301601,"date":"2023-06-22T17:03:34","date_gmt":"2023-06-22T14:03:34","guid":{"rendered":"http:\/\/sana.sy\/es\/?p=301601"},"modified":"2023-06-22T17:03:57","modified_gmt":"2023-06-22T14:03:57","slug":"ucrania-perdio-mas-de-13-mil-soldados-durante-su-contraofensiva","status":"publish","type":"post","link":"https:\/\/archive.sana.sy\/es\/?p=301601","title":{"rendered":"Ucrania perdi\u00f3 m\u00e1s de 13 mil soldados durante su contraofensiva"},"content":{"rendered":"<blockquote>\n<p style=\"text-align: justify;\"><span style=\"color: #993300;\">El ej\u00e9rcito ruso inutiliz\u00f3 tambi\u00e9n 42 lanzacohetes m\u00faltiples, dos sistemas de misiles antia\u00e9reos, 10 cazas t\u00e1cticos, cuatro helic\u00f3pteros, 264 veh\u00edculos a\u00e9reos no tripulados y 264 autom\u00f3viles<\/span><\/p>\n<\/blockquote>\n<p style=\"text-align: justify;\"><span style=\"color: #800000;\"><strong>Mosc\u00fa, 22 jun (SANA)<\/strong> <\/span>El ej\u00e9rcito ucraniano sufri\u00f3 durante la contraofensiva que inicio el pasado 4 de junio, m\u00e1s de 13 mil bajas.<\/p>\n<p><img loading=\"lazy\" decoding=\"async\" class=\"size-medium wp-image-301604 alignleft\" src=\"http:\/\/sana.sy\/es\/wp-content\/uploads\/2023\/06\/Ucrania-perdio-mas-de-13-mil-soldados-durante-su-contraofensiva-1-300x204.jpg\" alt=\"\" width=\"300\" height=\"204\" srcset=\"https:\/\/archive.sana.sy\/es\/wp-content\/uploads\/2023\/06\/Ucrania-perdio-mas-de-13-mil-soldados-durante-su-contraofensiva-1-300x204.jpg 300w, https:\/\/archive.sana.sy\/es\/wp-content\/uploads\/2023\/06\/Ucrania-perdio-mas-de-13-mil-soldados-durante-su-contraofensiva-1-150x102.jpg 150w, https:\/\/archive.sana.sy\/es\/wp-content\/uploads\/2023\/06\/Ucrania-perdio-mas-de-13-mil-soldados-durante-su-contraofensiva-1-768x523.jpg 768w, https:\/\/archive.sana.sy\/es\/wp-content\/uploads\/2023\/06\/Ucrania-perdio-mas-de-13-mil-soldados-durante-su-contraofensiva-1-110x75.jpg 110w, https:\/\/archive.sana.sy\/es\/wp-content\/uploads\/2023\/06\/Ucrania-perdio-mas-de-13-mil-soldados-durante-su-contraofensiva-1.jpg 1024w\" sizes=\"(max-width: 300px) 100vw, 300px\" \/><\/p>\n<p style=\"text-align: justify;\">El secretario del Consejo de Seguridad de Rusia, Nikolai P\u00e1trushev, inform\u00f3 al presidente, Vladimir Putin, que esas cifras comprenden el per\u00edodo que va del 4 al 21 de junio.<\/p>\n<p style=\"text-align: justify;\">En cuanto a la destrucci\u00f3n de numerosos equipos b\u00e9licos de Kiev, P\u00e1trushev precis\u00f3 que en ese per\u00edodo de tiempo Ucrania perdi\u00f3 246 tanques, entre ellos 13 extranjeros, 595 veh\u00edculos blindados de combate, incluidos 152 de infanter\u00eda, y 279 piezas de artiller\u00eda de campo y morteros de las fuerzas ucranianas.<\/p>\n<p style=\"text-align: justify;\">Tambi\u00e9n el ej\u00e9rcito ruso inutiliz\u00f3 durante la contraofensiva enemiga, 42 lanzacohetes m\u00faltiples, dos sistemas de misiles antia\u00e9reos, 10 cazas t\u00e1cticos, cuatro helic\u00f3pteros, 264 veh\u00edculos a\u00e9reos no tripulados y 264 autom\u00f3viles, detall\u00f3 P\u00e1trushev.<\/p>\n<p style=\"text-align: justify;\">fm\/sm<\/p>\n","protected":false},"excerpt":{"rendered":"<p>El ej\u00e9rcito ruso inutiliz\u00f3 tambi\u00e9n 42 lanzacohetes m\u00faltiples, dos sistemas de misiles antia\u00e9reos, 10 cazas t\u00e1cticos, cuatro helic\u00f3pteros, 264 veh\u00edculos a\u00e9reos no tripulados y 264 autom\u00f3viles Mosc\u00fa, 22 jun (SANA) El ej\u00e9rcito ucraniano sufri\u00f3 durante la contraofensiva que inicio el pasado 4 de junio, m\u00e1s de 13 mil bajas. El secretario del Consejo de Seguridad &hellip;<\/p>\n","protected":false},"author":39,"featured_media":301602,"comment_status":"closed","ping_status":"closed","sticky":false,"template":"","format":"standard","meta":{"footnotes":""},"categories":[597,456,16687,20724,7541],"tags":[],"class_list":["post-301601","post","type-post","status-publish","format-standard","has-post-thumbnail","","category-cinta-de-noticias","category-arabe-internacional-politica","category-internacionales","category-minuto-a-minuto","category-ultimas-noticias"],"_links":{"self":[{"href":"https:\/\/archive.sana.sy\/es\/index.php?rest_route=\/wp\/v2\/posts\/301601"}],"collection":[{"href":"https:\/\/archive.sana.sy\/es\/index.php?rest_route=\/wp\/v2\/posts"}],"about":[{"href":"https:\/\/archive.sana.sy\/es\/index.php?rest_route=\/wp\/v2\/types\/post"}],"author":[{"embeddable":true,"href":"https:\/\/archive.sana.sy\/es\/index.php?rest_route=\/wp\/v2\/users\/39"}],"replies":[{"embeddable":true,"href":"https:\/\/archive.sana.sy\/es\/index.php?rest_route=%2Fwp%2Fv2%2Fcomments&post=301601"}],"version-history":[{"count":2,"href":"https:\/\/archive.sana.sy\/es\/index.php?rest_route=\/wp\/v2\/posts\/301601\/revisions"}],"predecessor-version":[{"id":301605,"href":"https:\/\/archive.sana.sy\/es\/index.php?rest_route=\/wp\/v2\/posts\/301601\/revisions\/301605"}],"wp:featuredmedia":[{"embeddable":true,"href":"https:\/\/archive.sana.sy\/es\/index.php?rest_route=\/wp\/v2\/media\/301602"}],"wp:attachment":[{"href":"https:\/\/archive.sana.sy\/es\/index.php?rest_route=%2Fwp%2Fv2%2Fmedia&parent=301601"}],"wp:term":[{"taxonomy":"category","embeddable":true,"href":"https:\/\/archive.sana.sy\/es\/index.php?rest_route=%2Fwp%2Fv2%2Fcategories&post=301601"},{"taxonomy":"post_tag","embeddable":true,"href":"https:\/\/archive.sana.sy\/es\/index.php?rest_route=%2Fwp%2Fv2%2Ftags&post=301601"}],"curies":[{"name":"wp","href":"https:\/\/api.w.org\/{rel}","templated":true}]}}