{"id":301608,"date":"2023-06-22T18:39:26","date_gmt":"2023-06-22T15:39:26","guid":{"rendered":"https:\/\/sanasyria.org\/es\/?p=301608"},"modified":"2023-06-22T20:31:19","modified_gmt":"2023-06-22T17:31:19","slug":"siria-condena-energicamente-practicas-criminales-israelies-en-el-golan-ocupado","status":"publish","type":"post","link":"https:\/\/archive.sana.sy\/es\/?p=301608","title":{"rendered":"Siria condena en\u00e9rgicamente pr\u00e1cticas criminales israel\u00edes en el Gol\u00e1n ocupado"},"content":{"rendered":"<p style=\"text-align: justify;\"><span style=\"color: #800000;\"><strong>Damasco, 22 jun (SANA)<\/strong> <\/span>El Ministerio de Asuntos Exterior y Expatriados manifest\u00f3 la en\u00e9rgica condena a los barb\u00e1ricos ataques de las fuerzas de ocupaci\u00f3n israel\u00edes contra los sirios del Gol\u00e1n ocupado.<\/p>\n<p style=\"text-align: justify;\">Un comunicado de la Canciller\u00eda denunci\u00f3 las brutales acciones y el env\u00edo de grandes refuerzos por parte de las fuerzas del ocupante para aterrorizar a los lugare\u00f1os de la aldea de Masada.<\/p>\n<p style=\"text-align: justify;\">M\u00e1s de un centenar de golaneses resultaron heridos mientras otros fueron arrestados, lo que confirma que el terrorismo era y sigue siendo una caracter\u00edstica de las autoridades de ocupaci\u00f3n, detall\u00f3 el texto.<\/p>\n<p style=\"text-align: justify;\">La nota puntualiz\u00f3 que la digna y honorable postura de los pobladores del Gol\u00e1n reafirma que el ocupante israel\u00ed es inevitablemente ef\u00edmera y que sus proyectos y planes coloniales son incapaces de afectar el apego de los golaneses a su patria madre.<\/p>\n<p style=\"text-align: justify;\">Los sirios en el Gol\u00e1n anunciaron la v\u00edspera una jornada de huelga y furia contra las nuevas medidas arbitrarias y discriminatorias de las autoridades del ocupante de construir decenas de turbinas e\u00f3licas sobre sus tierras agr\u00edcolas.<\/p>\n<p style=\"text-align: justify;\">Los militares israel\u00edes emplearon bombas de gas lacrim\u00f3genos y abrieron el fuego de sus armas contra los agricultores que se movilizaron para defender sus tierras lo que caus\u00f3 lesiones a m\u00e1s de 100 mientras 10 fueron arrestados.<\/p>\n<p style=\"text-align: justify;\">Israel ocup\u00f3 el Gol\u00e1n tras la denominada guerra de los Seis D\u00edas, en 1967, e incorpor\u00f3 ese territorio a su sistema jur\u00eddico en 1981, lo cual fue rechazado por la comunidad internacional.<\/p>\n<p style=\"text-align: justify;\">La anterior administraci\u00f3n estadounidense reconoci\u00f3 en 2018 la soberan\u00eda israel\u00ed sobre esta regi\u00f3n en una violaci\u00f3n clara y flagrante de las resoluciones del Consejo de Seguridad de la ONU.<\/p>\n<p style=\"text-align: justify;\">Damasco reafirm\u00f3 que este territorio es parte inseparable de Siria y trabajar\u00e1 para recuperarlo por todos los medios disponibles y garantizados por el derecho internacional.<\/p>\n<p style=\"text-align: justify;\">Inst\u00f3 a las Naciones Unidas y sus Estados miembros que asuman sus responsabilidades y presionen a Tel Aviv para que ponga fin a su ocupaci\u00f3n y rechacen la situaci\u00f3n jur\u00eddica derivada de las violaciones de las autoridades de ocupaci\u00f3n de las normas del derecho internacional.<\/p>\n<p style=\"text-align: justify;\">sm\/fm<\/p>\n","protected":false},"excerpt":{"rendered":"<p>Damasco, 22 jun (SANA) El Ministerio de Asuntos Exterior y Expatriados manifest\u00f3 la en\u00e9rgica condena a los barb\u00e1ricos ataques de las fuerzas de ocupaci\u00f3n israel\u00edes contra los sirios del Gol\u00e1n ocupado. Un comunicado de la Canciller\u00eda denunci\u00f3 las brutales acciones y el env\u00edo de grandes refuerzos por parte de las fuerzas del ocupante para aterrorizar &hellip;<\/p>\n","protected":false},"author":39,"featured_media":301611,"comment_status":"closed","ping_status":"closed","sticky":false,"template":"","format":"standard","meta":{"footnotes":""},"categories":[477,597,476,583],"tags":[],"class_list":["post-301608","post","type-post","status-publish","format-standard","has-post-thumbnail","","category-noticias-edulcorantes","category-cinta-de-noticias","category-locales","category-slide"],"_links":{"self":[{"href":"https:\/\/archive.sana.sy\/es\/index.php?rest_route=\/wp\/v2\/posts\/301608"}],"collection":[{"href":"https:\/\/archive.sana.sy\/es\/index.php?rest_route=\/wp\/v2\/posts"}],"about":[{"href":"https:\/\/archive.sana.sy\/es\/index.php?rest_route=\/wp\/v2\/types\/post"}],"author":[{"embeddable":true,"href":"https:\/\/archive.sana.sy\/es\/index.php?rest_route=\/wp\/v2\/users\/39"}],"replies":[{"embeddable":true,"href":"https:\/\/archive.sana.sy\/es\/index.php?rest_route=%2Fwp%2Fv2%2Fcomments&post=301608"}],"version-history":[{"count":2,"href":"https:\/\/archive.sana.sy\/es\/index.php?rest_route=\/wp\/v2\/posts\/301608\/revisions"}],"predecessor-version":[{"id":301622,"href":"https:\/\/archive.sana.sy\/es\/index.php?rest_route=\/wp\/v2\/posts\/301608\/revisions\/301622"}],"wp:featuredmedia":[{"embeddable":true,"href":"https:\/\/archive.sana.sy\/es\/index.php?rest_route=\/wp\/v2\/media\/301611"}],"wp:attachment":[{"href":"https:\/\/archive.sana.sy\/es\/index.php?rest_route=%2Fwp%2Fv2%2Fmedia&parent=301608"}],"wp:term":[{"taxonomy":"category","embeddable":true,"href":"https:\/\/archive.sana.sy\/es\/index.php?rest_route=%2Fwp%2Fv2%2Fcategories&post=301608"},{"taxonomy":"post_tag","embeddable":true,"href":"https:\/\/archive.sana.sy\/es\/index.php?rest_route=%2Fwp%2Fv2%2Ftags&post=301608"}],"curies":[{"name":"wp","href":"https:\/\/api.w.org\/{rel}","templated":true}]}}