{"id":30161,"date":"2015-09-17T19:29:38","date_gmt":"2015-09-17T16:29:38","guid":{"rendered":"http:\/\/sana.sy\/es\/?p=30161"},"modified":"2015-09-17T21:24:52","modified_gmt":"2015-09-17T18:24:52","slug":"rusia-reitera-que-es-imposible-vencer-el-terrorismo-sin-siria","status":"publish","type":"post","link":"https:\/\/archive.sana.sy\/es\/?p=30161","title":{"rendered":"Rusia reitera que sin Siria es imposible vencer el terrorismo"},"content":{"rendered":"<p><span style=\"color: #800000\">Mosc\u00fa, SANA<\/span><\/p>\n<p>Rusia renov\u00f3 sus llamados para crear un frente internacional unificado contra el terrorismo representado por la organizaci\u00f3n del Estado Isl\u00e1mico, el cual cuenta con la participaci\u00f3n de Siria.<\/p>\n<p>En una rueda de prensa celebrada este jueves en Mosc\u00fa, la portavoz de la Canciller\u00eda rusa, Mar\u00eda Zaj\u00e1rova se\u00f1al\u00f3 que es imposible vencer a los terroristas sin Damasco.<\/p>\n<p>De igual modo reiter\u00f3 el apoyo militar de su pa\u00eds a Siria, se\u00f1alando que el ej\u00e9rcito sirio durante a\u00f1os, se ha alzado como fuerza principal de la lucha contra los terroristas.<\/p>\n<p>Asimismo revel\u00f3 que el objetivo principal de su pa\u00eds en Siria no es apoyar al r\u00e9gimen del presidente Bashar al-Assad sino al Estado sirio en su lucha contra el Estado Isl\u00e1mico y las organizaciones terroristas que ya representan una amenaza para la seguridad nacional de Rusia.<\/p>\n<p>Zaj\u00e1rova agreg\u00f3 que las estimaciones de EEUU que se ve preocupada \u00faltimamente por el reforzamiento de una supuesta presencia militar de Rusia en Siria y del car\u00e1cter de las ayudas armament\u00edsticas a Damasco, se basan en el primer lugar en informaciones publicadas por los medios de comunicaci\u00f3n, manifestando la disposici\u00f3n de Rusia de brindar cualquier informaci\u00f3n que pueda interesar a los norteamericanos mediante los canales correspondientes para que los expertos militares de ambos pa\u00edses examinen todos los asuntos de inter\u00e9s com\u00fan.<\/p>\n<p>&nbsp;<\/p>\n<p>&nbsp;<\/p>\n<p>Lynn A.<\/p>\n","protected":false},"excerpt":{"rendered":"<p>Mosc\u00fa, SANA Rusia renov\u00f3 sus llamados para crear un frente internacional unificado contra el terrorismo representado por la organizaci\u00f3n del Estado Isl\u00e1mico, el cual cuenta con la participaci\u00f3n de Siria. En una rueda de prensa celebrada este jueves en Mosc\u00fa, la portavoz de la Canciller\u00eda rusa, Mar\u00eda Zaj\u00e1rova se\u00f1al\u00f3 que es imposible vencer a los &hellip;<\/p>\n","protected":false},"author":24,"featured_media":30162,"comment_status":"closed","ping_status":"closed","sticky":false,"template":"","format":"standard","meta":{"footnotes":""},"categories":[597,456,457,576],"tags":[6687],"class_list":["post-30161","post","type-post","status-publish","format-standard","has-post-thumbnail","","category-cinta-de-noticias","category-arabe-internacional-politica","category-noticias-arabe-internacional-politica","category-noticias-politicas","tag-rusia-reitera-que-es-imposible-vencer-el-terrorismo-sin-siria"],"_links":{"self":[{"href":"https:\/\/archive.sana.sy\/es\/index.php?rest_route=\/wp\/v2\/posts\/30161"}],"collection":[{"href":"https:\/\/archive.sana.sy\/es\/index.php?rest_route=\/wp\/v2\/posts"}],"about":[{"href":"https:\/\/archive.sana.sy\/es\/index.php?rest_route=\/wp\/v2\/types\/post"}],"author":[{"embeddable":true,"href":"https:\/\/archive.sana.sy\/es\/index.php?rest_route=\/wp\/v2\/users\/24"}],"replies":[{"embeddable":true,"href":"https:\/\/archive.sana.sy\/es\/index.php?rest_route=%2Fwp%2Fv2%2Fcomments&post=30161"}],"version-history":[{"count":0,"href":"https:\/\/archive.sana.sy\/es\/index.php?rest_route=\/wp\/v2\/posts\/30161\/revisions"}],"wp:featuredmedia":[{"embeddable":true,"href":"https:\/\/archive.sana.sy\/es\/index.php?rest_route=\/wp\/v2\/media\/30162"}],"wp:attachment":[{"href":"https:\/\/archive.sana.sy\/es\/index.php?rest_route=%2Fwp%2Fv2%2Fmedia&parent=30161"}],"wp:term":[{"taxonomy":"category","embeddable":true,"href":"https:\/\/archive.sana.sy\/es\/index.php?rest_route=%2Fwp%2Fv2%2Fcategories&post=30161"},{"taxonomy":"post_tag","embeddable":true,"href":"https:\/\/archive.sana.sy\/es\/index.php?rest_route=%2Fwp%2Fv2%2Ftags&post=30161"}],"curies":[{"name":"wp","href":"https:\/\/api.w.org\/{rel}","templated":true}]}}