{"id":30165,"date":"2015-09-17T19:57:31","date_gmt":"2015-09-17T16:57:31","guid":{"rendered":"http:\/\/sana.sy\/es\/?p=30165"},"modified":"2015-09-19T17:00:30","modified_gmt":"2015-09-19T14:00:30","slug":"gran-mufti-de-siria-se-reune-con-una-delegacion-mediatica-norteamericana","status":"publish","type":"post","link":"https:\/\/archive.sana.sy\/es\/?p=30165","title":{"rendered":"Gran Muft\u00ed de Siria se re\u00fane con delegaci\u00f3n medi\u00e1tica norteamericana"},"content":{"rendered":"<p><span style=\"color: #800000\">Damasco, SANA<\/span><\/p>\n<p>El gran Muft\u00ed de la Rep\u00fablica \u00c1rabe Siria, Ahmad Bader Addin Hassoun se reuni\u00f3 este jueves con una delegaci\u00f3n medi\u00e1tica que representa la red de noticias estadounidense Veterans Today Network.<\/p>\n<p>El gran Muft\u00ed destac\u00f3 que Siria se ve blanco de una agresi\u00f3n encaminada contra su tolerante pensamiento y su diversidad.<\/p>\n<p>Asimismo apreci\u00f3 la visita de la delegaci\u00f3n norteamericana que lleg\u00f3 a Damasco a pesar de estas circunstancias para conocer de cerca la realidad de lo que est\u00e1 sucediendo en Siria, ignorando las mentiras difundidas por los medios de comunicaci\u00f3n anti-Siria.<\/p>\n<p>Por su parte, los integrantes de la delegaci\u00f3n invitaron al gran Muft\u00ed a visitar a EEUU y trasmitir la verdadera imagen de lo que ocurre en Siria a la opini\u00f3n p\u00fablica norteamericana.<br \/>\nEs de se\u00f1alar que Veterans Today Network es una red de noticias estadounidense que incluye a alrededor de 60 sitios electr\u00f3nicos independientes que representan opiniones de un grupo de veteranos.<\/p>\n<p>Esta red public\u00f3 el a\u00f1o pasado un informe en el que confirm\u00f3 que el llamado Abou Baker al-Baghdadi, Califa de la organizaci\u00f3n terrorista del Estado Isl\u00e1mico es un agente del Mossad israel\u00ed y se llama Simon Elliot o Elliot Shimon, este mismo fue entrenado para encabezar el EI a fin de crear el caos en los pa\u00edses \u00e1rabes vecinos de \u201cIsrael\u201d.<\/p>\n<p>&nbsp;<\/p>\n<p>&nbsp;<\/p>\n<p>Lynn A.<\/p>\n","protected":false},"excerpt":{"rendered":"<p>Damasco, SANA El gran Muft\u00ed de la Rep\u00fablica \u00c1rabe Siria, Ahmad Bader Addin Hassoun se reuni\u00f3 este jueves con una delegaci\u00f3n medi\u00e1tica que representa la red de noticias estadounidense Veterans Today Network. El gran Muft\u00ed destac\u00f3 que Siria se ve blanco de una agresi\u00f3n encaminada contra su tolerante pensamiento y su diversidad. Asimismo apreci\u00f3 la &hellip;<\/p>\n","protected":false},"author":24,"featured_media":30166,"comment_status":"closed","ping_status":"closed","sticky":false,"template":"","format":"standard","meta":{"footnotes":""},"categories":[477,476],"tags":[6688],"class_list":["post-30165","post","type-post","status-publish","format-standard","has-post-thumbnail","","category-noticias-edulcorantes","category-locales","tag-gran-mufti-de-siria-se-reune-con-una-delegacion-mediatica-norteamericana"],"_links":{"self":[{"href":"https:\/\/archive.sana.sy\/es\/index.php?rest_route=\/wp\/v2\/posts\/30165"}],"collection":[{"href":"https:\/\/archive.sana.sy\/es\/index.php?rest_route=\/wp\/v2\/posts"}],"about":[{"href":"https:\/\/archive.sana.sy\/es\/index.php?rest_route=\/wp\/v2\/types\/post"}],"author":[{"embeddable":true,"href":"https:\/\/archive.sana.sy\/es\/index.php?rest_route=\/wp\/v2\/users\/24"}],"replies":[{"embeddable":true,"href":"https:\/\/archive.sana.sy\/es\/index.php?rest_route=%2Fwp%2Fv2%2Fcomments&post=30165"}],"version-history":[{"count":0,"href":"https:\/\/archive.sana.sy\/es\/index.php?rest_route=\/wp\/v2\/posts\/30165\/revisions"}],"wp:featuredmedia":[{"embeddable":true,"href":"https:\/\/archive.sana.sy\/es\/index.php?rest_route=\/wp\/v2\/media\/30166"}],"wp:attachment":[{"href":"https:\/\/archive.sana.sy\/es\/index.php?rest_route=%2Fwp%2Fv2%2Fmedia&parent=30165"}],"wp:term":[{"taxonomy":"category","embeddable":true,"href":"https:\/\/archive.sana.sy\/es\/index.php?rest_route=%2Fwp%2Fv2%2Fcategories&post=30165"},{"taxonomy":"post_tag","embeddable":true,"href":"https:\/\/archive.sana.sy\/es\/index.php?rest_route=%2Fwp%2Fv2%2Ftags&post=30165"}],"curies":[{"name":"wp","href":"https:\/\/api.w.org\/{rel}","templated":true}]}}