{"id":30184,"date":"2015-09-18T00:06:05","date_gmt":"2015-09-17T21:06:05","guid":{"rendered":"http:\/\/sana.sy\/es\/?p=30184"},"modified":"2015-09-18T00:06:05","modified_gmt":"2015-09-17T21:06:05","slug":"moallem-las-ultimas-declaraciones-de-los-responsables-rusos-han-dado-resultados","status":"publish","type":"post","link":"https:\/\/archive.sana.sy\/es\/?p=30184","title":{"rendered":"Moallem: Las \u00faltimas declaraciones de los responsables rusos han dado resultados"},"content":{"rendered":"<p>Damasco-SANA<\/p>\n<p>El Ministro de Exteriores y Expatriados ha afirmado que el terrorismo constituye un problema mundial y no solo un problema del Estado sirio o iraqu\u00ed, se\u00f1alando que el ej\u00e9rcito sirio ha demostrado que es capaz de cumplir con sus misiones y lo que necesita es armas y municiones sofisticados para contrarrestar las armas que poseen las organizaciones terroristas .<\/p>\n<p>En una pl\u00e1tica con la TV siria, Mouallem dijo que desde 4 a\u00f1os y medio, los conspiradores contra Siria, han apostado por el derrocamiento del r\u00e9gimen sirio y por la derrota del ej\u00e9rcito sirio y que Siria se convierta en un Estado dividido, derrotado y econ\u00f3micamente colapsado.<\/p>\n<p>\u00a8Ellos han perdido el apuesto y Siria a\u00fan es firme y su ej\u00e9rcito lucha con valent\u00eda y hero\u00edsmo&#8230;A pesar de los sacrificios el pueblo est\u00e1 firme y respalda a sus fuerzas armadas\u00a8, destac\u00f3 Moallem.<\/p>\n<p>\u00a8La dirigencia en Siria dirige al pa\u00eds con sabidur\u00eda&#8230;Cada d\u00eda renovamos nuestra lucha contra el terrorismo, mientras los otros se acercan al estado de frustraci\u00f3n\u00a8, agreg\u00f3.<\/p>\n<p>En cuanto a los pa\u00edses regionales que apoyan al terrorismo, Mouallem ha considerado que dicho pa\u00edses y desde 4 a\u00f1os y medio, han cre\u00eddo que estar\u00edan inmunes del mal del terrorismo.<\/p>\n<p>\u00a8Hemos dicho siempre que el terrorismo tendr\u00e1 un efecto de bumer\u00e1n contra los pa\u00edses que lo patrocinan y apoyan&#8230; Cuando se habla de alianza o coordinaci\u00f3n o coalici\u00f3n, nosotros respondemos a la iniciativa del presidente Putin que llama a crear una alianza contra el terrorismo\u00a8, acot\u00f3.<\/p>\n<p>\u00a8 Estamos dispuestos a cooperar con los pa\u00edses que pretenden combatir el terrorismo en Siria si son sinceros en este sentido y si est\u00e1n determinados a cambiar sus posturas hostiles hacia Siria y coordinar con nosotros\u00a8, acot\u00f3.<\/p>\n<p>Asimismo se\u00f1al\u00f3 que los rusos y desde el comienzo de la crisis, no tardaron en proporcionar apoyo al ej\u00e9rcito sirio.<\/p>\n<p>El jefe de la diplomacia siria afirm\u00f3 que han dado resultados las declaraciones hechas \u00faltimamente por varios funcionarios rusos, pues los Estado Unidos ha comenzado a cambiar su postura, donde ayer ha acogido con satisfacci\u00f3n una participaci\u00f3n rusa en la lucha contra la organizaci\u00f3n terrorista del EIIL.<\/p>\n<p>Yamil K.<\/p>\n","protected":false},"excerpt":{"rendered":"<p>Damasco-SANA El Ministro de Exteriores y Expatriados ha afirmado que el terrorismo constituye un problema mundial y no solo un problema del Estado sirio o iraqu\u00ed, se\u00f1alando que el ej\u00e9rcito sirio ha demostrado que es capaz de cumplir con sus misiones y lo que necesita es armas y municiones sofisticados para contrarrestar las armas que &hellip;<\/p>\n","protected":false},"author":1,"featured_media":30185,"comment_status":"closed","ping_status":"closed","sticky":false,"template":"","format":"standard","meta":{"footnotes":""},"categories":[477,597,476,457,576],"tags":[],"class_list":["post-30184","post","type-post","status-publish","format-standard","has-post-thumbnail","","category-noticias-edulcorantes","category-cinta-de-noticias","category-locales","category-noticias-arabe-internacional-politica","category-noticias-politicas"],"_links":{"self":[{"href":"https:\/\/archive.sana.sy\/es\/index.php?rest_route=\/wp\/v2\/posts\/30184"}],"collection":[{"href":"https:\/\/archive.sana.sy\/es\/index.php?rest_route=\/wp\/v2\/posts"}],"about":[{"href":"https:\/\/archive.sana.sy\/es\/index.php?rest_route=\/wp\/v2\/types\/post"}],"author":[{"embeddable":true,"href":"https:\/\/archive.sana.sy\/es\/index.php?rest_route=\/wp\/v2\/users\/1"}],"replies":[{"embeddable":true,"href":"https:\/\/archive.sana.sy\/es\/index.php?rest_route=%2Fwp%2Fv2%2Fcomments&post=30184"}],"version-history":[{"count":0,"href":"https:\/\/archive.sana.sy\/es\/index.php?rest_route=\/wp\/v2\/posts\/30184\/revisions"}],"wp:featuredmedia":[{"embeddable":true,"href":"https:\/\/archive.sana.sy\/es\/index.php?rest_route=\/wp\/v2\/media\/30185"}],"wp:attachment":[{"href":"https:\/\/archive.sana.sy\/es\/index.php?rest_route=%2Fwp%2Fv2%2Fmedia&parent=30184"}],"wp:term":[{"taxonomy":"category","embeddable":true,"href":"https:\/\/archive.sana.sy\/es\/index.php?rest_route=%2Fwp%2Fv2%2Fcategories&post=30184"},{"taxonomy":"post_tag","embeddable":true,"href":"https:\/\/archive.sana.sy\/es\/index.php?rest_route=%2Fwp%2Fv2%2Ftags&post=30184"}],"curies":[{"name":"wp","href":"https:\/\/api.w.org\/{rel}","templated":true}]}}